{"id":4243,"date":"2018-04-05T07:44:01","date_gmt":"2018-04-05T07:44:01","guid":{"rendered":"https:\/\/www.conscremona.it\/concerti-di-organo-2018-calendario-e-programma\/"},"modified":"2018-04-05T08:11:21","modified_gmt":"2018-04-05T08:11:21","slug":"concerti-di-organo-2018-calendario-e-programma","status":"publish","type":"post","link":"https:\/\/www.conscremona.it\/en\/concerti-di-organo-2018-calendario-e-programma\/","title":{"rendered":"Concerti di Organo 2018: Calendario e programma"},"content":{"rendered":"<h2>Concerti di Organo 2018 &#8211; Ingresso libero<\/h2>\n<h3 style=\"text-align: center;\">Programmi dei concerti<\/h3>\n<h3>Luca Antoniotti<\/h3>\n<h3><strong>5 aprile 2018, ore 20.30 &#8211; Cattedrale di Cremona<\/strong><\/h3>\n<p><strong>\u00a0<\/strong>S. BACH (1685 \u2013 1750)<\/p>\n<p style=\"padding-left: 30px;\">Preludio e fuga in sol minore BWV 635<\/p>\n<p style=\"padding-left: 30px;\">Sonata in trio n. 3 in re minore BWV 527 &#8211; <em>Andante, Largo, Allegro<\/em><\/p>\n<p style=\"padding-left: 30px;\">Canzona e fuga BWV 588 \u2013 577<\/p>\n<p>MENDELSSOHN (1809 \u2013 1847)<\/p>\n<p style=\"padding-left: 30px;\">Sonata n. 4 in Si bemolle \u2013 <em>Allegro con brio, Andante religioso, Allegretto, Allegro maestoso e vivace<\/em><\/p>\n<p>REGER (1873 \u2013 1916)<\/p>\n<p style=\"padding-left: 30px;\">Benedictus<\/p>\n<p style=\"padding-left: 30px;\">Introduzione e Passacaglia in re minore<\/p>\n<p><strong>\u00a0<\/strong><\/p>\n<h3>Francesco Ferrario<\/h3>\n<h3><strong>12 aprile 2018, ore 20.30 &#8211; Chiesa Parrocchiale di Cristo Re, Cremona<\/strong><\/h3>\n<p>ARRESTI (1667\/1717)<\/p>\n<p style=\"padding-left: 30px;\">Ricercare<\/p>\n<p>BUXTEHUDE (1637\/1707)<\/p>\n<p style=\"padding-left: 30px;\">Toccata in Fa maggiore BuxWV 156<\/p>\n<p>S. BACH (1685\/1750)<\/p>\n<p style=\"padding-left: 30px;\">Preludio e Fuga in Do minore BWV 549<\/p>\n<p style=\"padding-left: 30px;\">Corali Orgel B\u016bchlein:<\/p>\n<p style=\"padding-left: 60px;\">BWV605 <em>Der Tag, der ist so freudenreich<br \/>\n<\/em>BWV 639 <em>Ich ruf zu dir, Herr Jesu Christ<br \/>\n<\/em>BWV 641 <em>Wenn Wir in h\u00f6chsten N\u00f6ten Sein<\/em><\/p>\n<p style=\"padding-left: 30px;\">Sonata I in Mi bemolle maggiore BWV 525 <em>Allegro &#8211; Adagio<\/em><\/p>\n<p>MOLFINO (1916\/2012)<\/p>\n<p style=\"padding-left: 30px;\">Concento Battesimale<br \/>\nEntrata Solenne &#8211; \u00a0Entra nel tempio di Dio<br \/>\nIo ti battezzo &#8211; Va in pace<\/p>\n<p><strong>\u00a0<\/strong><\/p>\n<h3><strong>Alessandro Sala<\/strong><\/h3>\n<h3><strong>19 aprile 2018, ore 20.30 &#8211; Cattedrale di Cremona<\/strong><strong>\u00a0<\/strong><\/h3>\n<p>MARCHAND (1669-1732)<\/p>\n<p style=\"padding-left: 30px;\">Dialogue (3me livre)<\/p>\n<p>S. BACH (1685-1750)<\/p>\n<p style=\"padding-left: 30px;\">Quattro preludi corali dall\u2019Orgelb\u00fcchlein\u00a0(tempi di Passione e di Pasqua):<br \/>\n<em>\u00a0 \u00a0 \u00a0 \u00a0 \u00a0 \u00a0Lamm Gottes, unschuldig<\/em>BWV 618<br \/>\n<em>\u00a0 \u00a0 \u00a0 \u00a0 \u00a0 \u00a0Da Jesus an dem Kreuze stund<\/em>BWV 621<br \/>\n<em>\u00a0 \u00a0 \u00a0 \u00a0 \u00a0 \u00a0<\/em><em>O Mensch, bewein dein S\u00fcnde gro\u00df<\/em>BWV 622<br \/>\n<em>\u00a0 \u00a0 \u00a0 \u00a0 \u00a0 \u00a0<\/em><em>Christ lag in Todesbanden<\/em>BWV 625<\/p>\n<p>BUXTEHUDE (1637-1707)<\/p>\n<p style=\"padding-left: 30px;\">Toccata BuxWV 164<\/p>\n<p>S. BACH (1685-1750)<\/p>\n<p style=\"padding-left: 30px;\">Pi\u00e8ce d\u2019Orgue BWV 572<\/p>\n<p style=\"padding-left: 30px;\">Due elaborazioni del corale <em>Wenn wir in h\u00f6chsten N\u00f6ten sein<\/em>:<br \/>\n<em>\u00a0 \u00a0 \u00a0 \u00a0 \u00a0 \u00a0<\/em>BWV 641 (dall\u2019Orgelb\u00fcchlein)<br \/>\n<em>\u00a0 \u00a0 \u00a0 \u00a0 \u00a0 \u00a0<\/em>BWV 668 a (da Die Kunst der Fuge)<\/p>\n<p style=\"padding-left: 30px;\">Praeludium et Fuga in C BWV 531<\/p>\n<p>&nbsp;<\/p>\n<h3><strong>Marco Brunelli<\/strong><\/h3>\n<h3><strong>26 aprile 2018, ore 20.30 &#8211; Chiesa Parrocchiale dei S.S. Tommaso e Andrea, Pontevico\u00a0<\/strong><\/h3>\n<p><strong>\u00a0<\/strong>S. BACH (1685 \u2013 1750)<\/p>\n<p style=\"padding-left: 30px;\"><em>Komm, Gott Sch\u00f6pfer, Heiliger Geist<\/em>BWV 667 (Leipziger Chor\u00e4le)<\/p>\n<p style=\"padding-left: 30px;\">Vieni, Dio Creatore, Santo Spirito \u2013 sul Veni Creator Spiritus gregoriano<\/p>\n<p>REGER (1873 \u2013 1916)<\/p>\n<p style=\"padding-left: 30px;\"><em>Sechs Choralvorspiele ohne Opuszahl:<\/em><\/p>\n<ol>\n<li><em>O Traurigkeit, o Herzeleid<\/em><em>(<\/em>O tristezza, o angoscia<em>)<\/em><\/li>\n<li><em>Komm, s\u00fc\u00dfer Tod<\/em><em>(<\/em>Vieni, dolce morte<em>)<\/em><\/li>\n<li><em>Christ ist erstanden von dem Tod<\/em><em>(<\/em>Cristo \u00e8 risorto dalla morte<em>)<\/em><\/li>\n<li><em>O Haupt voll Blut und Wunden<\/em><em>(<\/em>O capo pieno di sangue e ferite<em>)<\/em><\/li>\n<li><em>Es kommt ein Schiff, geladen<\/em><em>(<\/em>Arriva una nave, carica<em>)<\/em><\/li>\n<li><em>Wie sch\u00f6n leuchtet der Morgenstern<\/em><em>(<\/em>Come splende la stella del mattino<em>)<\/em><\/li>\n<\/ol>\n<p>S. BACH<\/p>\n<p style=\"padding-left: 30px;\">Praeludium e-moll BWV 548<\/p>\n<p style=\"padding-left: 30px;\"><em>Wenn wir in h\u00f6chsten N\u00f6ten sein<\/em>BWV 641 (Orgelb\u00fcchlein)<\/p>\n<p>REGER<\/p>\n<p style=\"padding-left: 30px;\"><em>Aus tiefer not schrei Ich zu dir<\/em>Op. 67 Nr. 3<\/p>\n<p>S. BACH<\/p>\n<p style=\"padding-left: 30px;\"><em>Herzlich tut mich verlangen<\/em>BWV 727<\/p>\n<p style=\"padding-left: 30px;\"><em>Schm\u00fccke dich, o liebe Seele<\/em>BWV 654 (Leipziger Chor\u00e4le)<\/p>\n<p><em>\u00a0<\/em>REGER<\/p>\n<p style=\"padding-left: 30px;\"><em>Ein Feste burg ist unser Gott<\/em>Op. 79b Nr.2<\/p>\n<p>S. BACH<\/p>\n<p style=\"padding-left: 30px;\"><em>Vor deinem Thron tret\u2019 ich hiermit<\/em>BWV 668 (Leipziger Chor\u00e4le)<\/p>\n<p style=\"padding-left: 30px;\">Fuge e-moll BWV 548<\/p>\n<hr \/>\n<h3 style=\"text-align: center;\">Gli interpreti<\/h3>\n<p><strong>Luca Antoniotti, <\/strong>nato a Vercelli. Ha conseguito presso il Conservatorio di Torino il Diploma in Organo e Composizione organistica sotto la guida di Luciano Fornero, nel 1987. Nel 1990 ha ottenuto il Premier Prix de Virtuosit\u00e9 in Organo e Improvvisazione, il Premio speciale Barblan (Miglior diploma d&#8217;organo) e il Diploma d&#8217;insegnamento d&#8217;Organo nella classe di Lionel Rogg al Conservatorio Superiore di Ginevra, ove si \u00e8 diplomato anche in Direzione corale con Michel Corboz. Ha frequentato corsi di Musica antica e Basso continuo con C. Jaccottet, sempre al Conservatorio di Ginevra. Ha seguito corsi d&#8217;interpretazione e di perfezionamento con L. F. Tagliavini, T. Koopman, M. Radulescu, E. Kooiman, H. Vogel, D. Roth e P. Kee. \u00c8 uno degli organisti italiani pi\u00f9 laureati di concorsi; sono una quindicina i premi e le attribuzioni speciali da lui conseguiti. Ha vinto il Primo premio al concorso Nazionale di Noale. Nel 1992 ha vinto, unico italiano nella storia del concorso, il Premio Bach al Concorso Internazionale di Lipsia. Secondo premio e Premio del pubblico nel Concorso Musica Antiqua di Bruges (1994), Primo premio al Concorso Internazionale Svizzero per Organo (Neuchatel, 1997), Secondo premio al Concorso Internazionale di St. Albans (1991) e Kaltern (1995). Ha diretto diverse formazioni corali in Svizzera, gi\u00e0 organistica titolare e direttore musicale dell&#8217;American Church di Ginevra. Ha suonato come solista con l&#8217;Orchestra della Suisse Romande, con l&#8217;Orchestra del festival Van Vlaanderen di Bruges, con l&#8217;European Baroque Orchestre, nonch\u00e9 in numerosi gruppi da camera, collaborando, come solista in ensemble vocali e strumentali, con solisti e direttori, quali A. Jordan, E. Inbal, M. Corboz, B. Soustrot, M. Piguet; J. Lopez-Cobos.\u00a0 Ha effettuato diverse registrazioni in CD, nonch\u00e9 registrazioni per la Radio Belga, la Bayerische Rundfund, Radio Suisse Romande, CBS, RAI. \u00c8 stato invitato ad alcuni dei pi\u00f9 importanti Festivals Internazionali: Berlino (Schauspielhaus), Haarlem (San Bavo), Lipsia (Gewandhaus e Thomaskirche), Norimberga (Settimane Musicali), Duomo di Riga, Filarmonia di San Pietroburgo, Ottobeuren, King&#8217;s College e S. Catherine&#8217;s College di Cambridge, Bruges (Festival delle Fiandre), Calgary International Organ Festival, Magadino (Festival Internazionale), Ginevra (Victoria Hall e cattedrale di St. Pierre), Trieste (Settimane Musicali), Festival Internazionale di Treviso, Montreaux, Basilea, Colonia, Londra, Lubecca, Praga, Losanna, Venezia, Firenze, Porto, Bologna, Bergamo, Coimbra, Mafra, Lisbona\u2026 Gi\u00e0 docente titolare della cattedra d&#8217;Organo al Conservatorio di Musica di Cagliari (3\u00b0 classificato al Concorso Nazionale su 150 candidati). Dopo diversi anni di attivit\u00e0 e residenza in Svizzera, nel 2000 si trasferisce in Portogallo, come docente in Organo, Improvvisazione, Musica da Camera e Organologia presso l\u2019Universit\u00e0 Cattolica di Oporto. Rientrato in Italia, dal 2011 al 2017 \u00e8 stato docente di Organo al Conservatorio di Udine. Attualmente \u00e8 docente di Organo al Conservatorio di Cremona.<\/p>\n<p>&nbsp;<\/p>\n<p class=\"p1\"><b>Francesco Maria Ferrario, <\/b>nato a Bollate (Milano) nel 1982, si diploma brillantemente in composizione principale presso il conservatorio \u201cG. Verdi\u201d di Milano grazie al sostegno del M\u00b0 Roberto Mucci; in Direzione D\u2019Orchestra presso l\u2019Accademia Musicale Pescarese, sotto la guida del M\u00b0 Donato Renzetti. Attualmente frequenta il biennio superiore di Organo e composizione organistica presso l\u2019ISSM \u201cC. Monteverdi\u201d di Cremona, sotto la guida del M\u00b0Luca Antoniotti. Ha diretto varie orchestre, tra cui la \u201cNuova Cameristica\u201d di Cernusco sul Naviglio, l\u2019Orchestra Filarmonica Nazionale Rumena di Bacau, l\u2019Ensemble \u201cKreartive\u201d di Como, l\u2019orchestra Strehler di Milano, l\u2019orchestra dell\u2019\u201cAlto milanese\u201d di Milano. Ha collaborato, in veste di compositore, con l&#8217;orchestra \u201cSinfolario\u201d di Como per la stesura di arrangiamenti derivanti da musiche per film, eseguiti nella prestigiosa cornice del Festival del Lago di Como. Dal 2014 ha assunto la veste di Compositore e Direttore assistente presso l\u2019orchestra ed il Coro de \u201cLa Camerata di Cremona\u201d. La composizione per film \u00e8 una delle sue attivit\u00e0 principali. Dalla collaborazione con il regista Michele Velludo, sono nati vari cortometraggi (Aqaba, Timeless, Il covo dei Dreamers, Thriller, La leggenda della Capra d\u2019Oro, la Chiave di Volta), ed una lunga serie di video aziendali per marchi internazionali molto rinomati. Dalla collaborazione con il regista Michele Velludo ed il videomaker Alessandro Garzaniti, nasce l\u2019idea del network \u201cProgetto 121\u201d, per l\u2019organizzazione di eventi quali il memorial del fondatore di OMR S.p.a. con l\u2019Orchestra sinfonica Strehler di Milano. Nel 2015, inoltre, ha ottenuto una importante prima esecuzione nell\u2019ambito del festival \u201cOrgani Storici in Cadore\u201d. Pubblica, presso la casa editrice Armelin di Padova, il suo \u201cRequiem per un Soldato\u201d per Orchestra, Soli, Coro Video ed Elettronica. Nel 2016 due orchestrazioni create per il popolare cantautore iraniano Parvaz Homay, dirette da Enrico Gerola, sono state eseguite in concerto al Downtown Palace Theatre di Los Angeles. \u00c8 direttore del prestigioso coro popolare \u201cStella Alpina\u201d di Rho e della Corale di Stabio (Svizzera). \u00c8 organista presso l\u2019abbazia prepositurale di S. Maria Bianca in Casoretto (Mi) (organo Balbiani Vegezzi Bossi). Presso l\u2019abbazia organizza e dirige la rassegna organistica avventizia \u201cAscolto ed Attesa\u201d. Nel 2018 sar\u00e0 compositore della colonna sonora originale per la serie web \u201cSurvival \u2013 The Series\u201d del regista milanese Luca Solina, vincitore di numerosi premi internazionali.<\/p>\n<p>&nbsp;<\/p>\n<p><strong>Alessandro Sala, <\/strong>lodigiano, nato nel 1984, ha studiato Organo e composizione organistica presso il Conservatorio di Musica di Piacenza con Mariano Suzzani ed Enrico Viccardi e successivamente presso la Scuola Diocesana di Musica Sacra della Diocesi di Cremona. Attualmente studia all\u2019Istituto Superiore di Studi Musicali C. Monteverdi, dove \u00e8 allievo di Luca Antoniotti per l\u2019organo, e al Dipartimento di Musicologia e Beni Culturali dell\u2019Universit\u00e0 degli Studi di Pavia (sede di Cremona). Dal 2004 al 2012 ha fatto parte della Cappella Musicale della Cattedrale di Lodi dove ha prestato servizio liturgico, didattico e concertistico come organista e cantore. Dal 1995 al 2016 \u00e8 stato organista nella Chiesa parrocchiale di S. Maria Ausiliatrice in Lodi, presso la quale \u00e8 stato anche responsabile della musica liturgica per diversi anni. Ha partecipato a masterclasses e seminari di ambito organistico (sia di letteratura che arte organaria) tenuti da Guy Bovet, Marco Brandazza, Lorenzo Ghielmi, Andreas Liebig, Kimberly Marshall, Michael Radulescu, Christopher Stembridge, Luigi Ferdinando Tagliavini, Giovanni Togni, Montserrat Torrent-Serra, Emanuele Vianelli, Enrico Viccardi e Jean Claude Zehnder. Ha frequentato corsi di semiologia gregoriana e laboratori corali sotto la guida di diversi docenti, tra i quali Giacomo Baroffio, Johannes Berchmans G\u00f6schl, Giovanni Conti, Fulvio Rampi, Alberto Turco.<\/p>\n<p>&nbsp;<\/p>\n<p><strong>Marco Brunelli<\/strong>(1996) \u00e8 un organista. Dopo gli studi con Daniela Frigeri, Alberto Baldrighi e Giuseppe Caffi, ha frequentato il Liceo musicale \u201cA. Stradivari\u201d di Cremona dove nel 2015 si \u00e8 diplomato e dove ha studiato organo con Pietro Triacchini. Attualmente frequenta il triennio accademico di I livello in organo e composizione organistica presso l\u2019ISSM \u201cC. Monteverdi\u201d di Cremona, dove ha studiato con Manuel Tomadin ed attualmente studia con Luca Antoniotti e Giuseppe Caffi. Ha seguito corsi di perfezionamento con Christophe Rousset ed ha partecipato come allievo all\u2019Alkmaar Orgelakademie 2017, dove si \u00e8 perfezionato con Pieter van Dijk. Dal 2009 l\u2019organista titolare della Parrocchia \u201cSan Giacomo Apostolo\u201d di Pieve San Giacomo (CR) e il pianista accompagnatore del Coro del Liceo Musicale dalla sua fondazione.<\/p>\n","protected":false},"excerpt":{"rendered":"<p>Concerti di Organo 2018 &#8211; Ingresso libero Programmi dei concerti Luca Antoniotti 5 aprile 2018, ore 20.30 &#8211; Cattedrale di Cremona \u00a0S. BACH (1685 \u2013 1750) Preludio e fuga in [&hellip;]<\/p>\n","protected":false},"author":4,"featured_media":4238,"comment_status":"closed","ping_status":"closed","sticky":false,"template":"","format":"standard","meta":{"_acf_changed":false,"footnotes":""},"categories":[30],"tags":[],"class_list":["post-4243","post","type-post","status-publish","format-standard","has-post-thumbnail","hentry","category-monteverdi-action-en"],"acf":[],"yoast_head":"<!-- This site is optimized with the Yoast SEO plugin v27.2 - https:\/\/yoast.com\/product\/yoast-seo-wordpress\/ -->\n<title>Concerti di Organo 2018: Calendario e programma - Conservatorio di Cremona<\/title>\n<meta name=\"robots\" content=\"index, follow, max-snippet:-1, max-image-preview:large, max-video-preview:-1\" \/>\n<link rel=\"canonical\" href=\"https:\/\/www.conscremona.it\/en\/concerti-di-organo-2018-calendario-e-programma\/\" \/>\n<meta property=\"og:locale\" content=\"en_US\" \/>\n<meta property=\"og:type\" content=\"article\" \/>\n<meta property=\"og:title\" content=\"Concerti di Organo 2018: Calendario e programma - Conservatorio di Cremona\" \/>\n<meta property=\"og:description\" content=\"Concerti di Organo 2018 &#8211; Ingresso libero Programmi dei concerti Luca Antoniotti 5 aprile 2018, ore 20.30 &#8211; Cattedrale di Cremona \u00a0S. BACH (1685 \u2013 1750) Preludio e fuga in [&hellip;]\" \/>\n<meta property=\"og:url\" content=\"https:\/\/www.conscremona.it\/en\/concerti-di-organo-2018-calendario-e-programma\/\" \/>\n<meta property=\"og:site_name\" content=\"Conservatorio di Cremona\" \/>\n<meta property=\"article:published_time\" content=\"2018-04-05T07:44:01+00:00\" \/>\n<meta property=\"article:modified_time\" content=\"2018-04-05T08:11:21+00:00\" \/>\n<meta property=\"og:image\" content=\"https:\/\/www.conscremona.it\/site\/wp-content\/uploads\/2018\/04\/Schermata-2018-04-05-alle-09.27.27.png\" \/>\n\t<meta property=\"og:image:width\" content=\"632\" \/>\n\t<meta property=\"og:image:height\" content=\"899\" \/>\n\t<meta property=\"og:image:type\" content=\"image\/png\" \/>\n<meta name=\"author\" content=\"segreteria\" \/>\n<meta name=\"twitter:card\" content=\"summary_large_image\" \/>\n<meta name=\"twitter:label1\" content=\"Written by\" \/>\n\t<meta name=\"twitter:data1\" content=\"segreteria\" \/>\n\t<meta name=\"twitter:label2\" content=\"Est. reading time\" \/>\n\t<meta name=\"twitter:data2\" content=\"8 minutes\" \/>\n<script type=\"application\/ld+json\" class=\"yoast-schema-graph\">{\"@context\":\"https:\/\/schema.org\",\"@graph\":[{\"@type\":\"Article\",\"@id\":\"https:\/\/www.conscremona.it\/en\/concerti-di-organo-2018-calendario-e-programma\/#article\",\"isPartOf\":{\"@id\":\"https:\/\/www.conscremona.it\/en\/concerti-di-organo-2018-calendario-e-programma\/\"},\"author\":{\"name\":\"segreteria\",\"@id\":\"https:\/\/www.conscremona.it\/#\/schema\/person\/77aabca861d7ef488c44426b8c3cae36\"},\"headline\":\"Concerti di Organo 2018: Calendario e programma\",\"datePublished\":\"2018-04-05T07:44:01+00:00\",\"dateModified\":\"2018-04-05T08:11:21+00:00\",\"mainEntityOfPage\":{\"@id\":\"https:\/\/www.conscremona.it\/en\/concerti-di-organo-2018-calendario-e-programma\/\"},\"wordCount\":1545,\"publisher\":{\"@id\":\"https:\/\/www.conscremona.it\/#organization\"},\"image\":{\"@id\":\"https:\/\/www.conscremona.it\/en\/concerti-di-organo-2018-calendario-e-programma\/#primaryimage\"},\"thumbnailUrl\":\"https:\/\/www.conscremona.it\/site\/wp-content\/uploads\/2018\/04\/Schermata-2018-04-05-alle-09.27.27.png\",\"articleSection\":[\"Monteverdi Action!\"],\"inLanguage\":\"en-US\"},{\"@type\":\"WebPage\",\"@id\":\"https:\/\/www.conscremona.it\/en\/concerti-di-organo-2018-calendario-e-programma\/\",\"url\":\"https:\/\/www.conscremona.it\/en\/concerti-di-organo-2018-calendario-e-programma\/\",\"name\":\"Concerti di Organo 2018: Calendario e programma - Conservatorio di Cremona\",\"isPartOf\":{\"@id\":\"https:\/\/www.conscremona.it\/#website\"},\"primaryImageOfPage\":{\"@id\":\"https:\/\/www.conscremona.it\/en\/concerti-di-organo-2018-calendario-e-programma\/#primaryimage\"},\"image\":{\"@id\":\"https:\/\/www.conscremona.it\/en\/concerti-di-organo-2018-calendario-e-programma\/#primaryimage\"},\"thumbnailUrl\":\"https:\/\/www.conscremona.it\/site\/wp-content\/uploads\/2018\/04\/Schermata-2018-04-05-alle-09.27.27.png\",\"datePublished\":\"2018-04-05T07:44:01+00:00\",\"dateModified\":\"2018-04-05T08:11:21+00:00\",\"breadcrumb\":{\"@id\":\"https:\/\/www.conscremona.it\/en\/concerti-di-organo-2018-calendario-e-programma\/#breadcrumb\"},\"inLanguage\":\"en-US\",\"potentialAction\":[{\"@type\":\"ReadAction\",\"target\":[\"https:\/\/www.conscremona.it\/en\/concerti-di-organo-2018-calendario-e-programma\/\"]}]},{\"@type\":\"ImageObject\",\"inLanguage\":\"en-US\",\"@id\":\"https:\/\/www.conscremona.it\/en\/concerti-di-organo-2018-calendario-e-programma\/#primaryimage\",\"url\":\"https:\/\/www.conscremona.it\/site\/wp-content\/uploads\/2018\/04\/Schermata-2018-04-05-alle-09.27.27.png\",\"contentUrl\":\"https:\/\/www.conscremona.it\/site\/wp-content\/uploads\/2018\/04\/Schermata-2018-04-05-alle-09.27.27.png\",\"width\":632,\"height\":899},{\"@type\":\"BreadcrumbList\",\"@id\":\"https:\/\/www.conscremona.it\/en\/concerti-di-organo-2018-calendario-e-programma\/#breadcrumb\",\"itemListElement\":[{\"@type\":\"ListItem\",\"position\":1,\"name\":\"Home\",\"item\":\"https:\/\/www.conscremona.it\/en\/\"},{\"@type\":\"ListItem\",\"position\":2,\"name\":\"Concerti di Organo 2018: Calendario e programma\"}]},{\"@type\":\"WebSite\",\"@id\":\"https:\/\/www.conscremona.it\/#website\",\"url\":\"https:\/\/www.conscremona.it\/\",\"name\":\"Conservatorio Claudio Monteverdi di Cremona\",\"description\":\"Istituto Superiore di Studi Musicali &quot;Claudio Monteverdi&quot; di Cremona\",\"publisher\":{\"@id\":\"https:\/\/www.conscremona.it\/#organization\"},\"potentialAction\":[{\"@type\":\"SearchAction\",\"target\":{\"@type\":\"EntryPoint\",\"urlTemplate\":\"https:\/\/www.conscremona.it\/?s={search_term_string}\"},\"query-input\":{\"@type\":\"PropertyValueSpecification\",\"valueRequired\":true,\"valueName\":\"search_term_string\"}}],\"inLanguage\":\"en-US\"},{\"@type\":\"Organization\",\"@id\":\"https:\/\/www.conscremona.it\/#organization\",\"name\":\"Conservatorio Claudio Monteverdi di Cremona\",\"url\":\"https:\/\/www.conscremona.it\/\",\"logo\":{\"@type\":\"ImageObject\",\"inLanguage\":\"en-US\",\"@id\":\"https:\/\/www.conscremona.it\/#\/schema\/logo\/image\/\",\"url\":\"https:\/\/www.conscremona.it\/site\/wp-content\/uploads\/2023\/10\/Logo-ok-color-1.png\",\"contentUrl\":\"https:\/\/www.conscremona.it\/site\/wp-content\/uploads\/2023\/10\/Logo-ok-color-1.png\",\"width\":1920,\"height\":523,\"caption\":\"Conservatorio Claudio Monteverdi di Cremona\"},\"image\":{\"@id\":\"https:\/\/www.conscremona.it\/#\/schema\/logo\/image\/\"}},{\"@type\":\"Person\",\"@id\":\"https:\/\/www.conscremona.it\/#\/schema\/person\/77aabca861d7ef488c44426b8c3cae36\",\"name\":\"segreteria\",\"image\":{\"@type\":\"ImageObject\",\"inLanguage\":\"en-US\",\"@id\":\"https:\/\/secure.gravatar.com\/avatar\/926a8641731d8b6797fb9d6f5c9818b006da805cbe062226572f40d203a36232?s=96&d=mm&r=g\",\"url\":\"https:\/\/secure.gravatar.com\/avatar\/926a8641731d8b6797fb9d6f5c9818b006da805cbe062226572f40d203a36232?s=96&d=mm&r=g\",\"contentUrl\":\"https:\/\/secure.gravatar.com\/avatar\/926a8641731d8b6797fb9d6f5c9818b006da805cbe062226572f40d203a36232?s=96&d=mm&r=g\",\"caption\":\"segreteria\"},\"url\":\"https:\/\/www.conscremona.it\/en\/author\/segreteria\/\"}]}<\/script>\n<!-- \/ Yoast SEO plugin. -->","yoast_head_json":{"title":"Concerti di Organo 2018: Calendario e programma - Conservatorio di Cremona","robots":{"index":"index","follow":"follow","max-snippet":"max-snippet:-1","max-image-preview":"max-image-preview:large","max-video-preview":"max-video-preview:-1"},"canonical":"https:\/\/www.conscremona.it\/en\/concerti-di-organo-2018-calendario-e-programma\/","og_locale":"en_US","og_type":"article","og_title":"Concerti di Organo 2018: Calendario e programma - Conservatorio di Cremona","og_description":"Concerti di Organo 2018 &#8211; Ingresso libero Programmi dei concerti Luca Antoniotti 5 aprile 2018, ore 20.30 &#8211; Cattedrale di Cremona \u00a0S. BACH (1685 \u2013 1750) Preludio e fuga in [&hellip;]","og_url":"https:\/\/www.conscremona.it\/en\/concerti-di-organo-2018-calendario-e-programma\/","og_site_name":"Conservatorio di Cremona","article_published_time":"2018-04-05T07:44:01+00:00","article_modified_time":"2018-04-05T08:11:21+00:00","og_image":[{"width":632,"height":899,"url":"https:\/\/www.conscremona.it\/site\/wp-content\/uploads\/2018\/04\/Schermata-2018-04-05-alle-09.27.27.png","type":"image\/png"}],"author":"segreteria","twitter_card":"summary_large_image","twitter_misc":{"Written by":"segreteria","Est. reading time":"8 minutes"},"schema":{"@context":"https:\/\/schema.org","@graph":[{"@type":"Article","@id":"https:\/\/www.conscremona.it\/en\/concerti-di-organo-2018-calendario-e-programma\/#article","isPartOf":{"@id":"https:\/\/www.conscremona.it\/en\/concerti-di-organo-2018-calendario-e-programma\/"},"author":{"name":"segreteria","@id":"https:\/\/www.conscremona.it\/#\/schema\/person\/77aabca861d7ef488c44426b8c3cae36"},"headline":"Concerti di Organo 2018: Calendario e programma","datePublished":"2018-04-05T07:44:01+00:00","dateModified":"2018-04-05T08:11:21+00:00","mainEntityOfPage":{"@id":"https:\/\/www.conscremona.it\/en\/concerti-di-organo-2018-calendario-e-programma\/"},"wordCount":1545,"publisher":{"@id":"https:\/\/www.conscremona.it\/#organization"},"image":{"@id":"https:\/\/www.conscremona.it\/en\/concerti-di-organo-2018-calendario-e-programma\/#primaryimage"},"thumbnailUrl":"https:\/\/www.conscremona.it\/site\/wp-content\/uploads\/2018\/04\/Schermata-2018-04-05-alle-09.27.27.png","articleSection":["Monteverdi Action!"],"inLanguage":"en-US"},{"@type":"WebPage","@id":"https:\/\/www.conscremona.it\/en\/concerti-di-organo-2018-calendario-e-programma\/","url":"https:\/\/www.conscremona.it\/en\/concerti-di-organo-2018-calendario-e-programma\/","name":"Concerti di Organo 2018: Calendario e programma - Conservatorio di Cremona","isPartOf":{"@id":"https:\/\/www.conscremona.it\/#website"},"primaryImageOfPage":{"@id":"https:\/\/www.conscremona.it\/en\/concerti-di-organo-2018-calendario-e-programma\/#primaryimage"},"image":{"@id":"https:\/\/www.conscremona.it\/en\/concerti-di-organo-2018-calendario-e-programma\/#primaryimage"},"thumbnailUrl":"https:\/\/www.conscremona.it\/site\/wp-content\/uploads\/2018\/04\/Schermata-2018-04-05-alle-09.27.27.png","datePublished":"2018-04-05T07:44:01+00:00","dateModified":"2018-04-05T08:11:21+00:00","breadcrumb":{"@id":"https:\/\/www.conscremona.it\/en\/concerti-di-organo-2018-calendario-e-programma\/#breadcrumb"},"inLanguage":"en-US","potentialAction":[{"@type":"ReadAction","target":["https:\/\/www.conscremona.it\/en\/concerti-di-organo-2018-calendario-e-programma\/"]}]},{"@type":"ImageObject","inLanguage":"en-US","@id":"https:\/\/www.conscremona.it\/en\/concerti-di-organo-2018-calendario-e-programma\/#primaryimage","url":"https:\/\/www.conscremona.it\/site\/wp-content\/uploads\/2018\/04\/Schermata-2018-04-05-alle-09.27.27.png","contentUrl":"https:\/\/www.conscremona.it\/site\/wp-content\/uploads\/2018\/04\/Schermata-2018-04-05-alle-09.27.27.png","width":632,"height":899},{"@type":"BreadcrumbList","@id":"https:\/\/www.conscremona.it\/en\/concerti-di-organo-2018-calendario-e-programma\/#breadcrumb","itemListElement":[{"@type":"ListItem","position":1,"name":"Home","item":"https:\/\/www.conscremona.it\/en\/"},{"@type":"ListItem","position":2,"name":"Concerti di Organo 2018: Calendario e programma"}]},{"@type":"WebSite","@id":"https:\/\/www.conscremona.it\/#website","url":"https:\/\/www.conscremona.it\/","name":"Conservatorio Claudio Monteverdi di Cremona","description":"Istituto Superiore di Studi Musicali &quot;Claudio Monteverdi&quot; di Cremona","publisher":{"@id":"https:\/\/www.conscremona.it\/#organization"},"potentialAction":[{"@type":"SearchAction","target":{"@type":"EntryPoint","urlTemplate":"https:\/\/www.conscremona.it\/?s={search_term_string}"},"query-input":{"@type":"PropertyValueSpecification","valueRequired":true,"valueName":"search_term_string"}}],"inLanguage":"en-US"},{"@type":"Organization","@id":"https:\/\/www.conscremona.it\/#organization","name":"Conservatorio Claudio Monteverdi di Cremona","url":"https:\/\/www.conscremona.it\/","logo":{"@type":"ImageObject","inLanguage":"en-US","@id":"https:\/\/www.conscremona.it\/#\/schema\/logo\/image\/","url":"https:\/\/www.conscremona.it\/site\/wp-content\/uploads\/2023\/10\/Logo-ok-color-1.png","contentUrl":"https:\/\/www.conscremona.it\/site\/wp-content\/uploads\/2023\/10\/Logo-ok-color-1.png","width":1920,"height":523,"caption":"Conservatorio Claudio Monteverdi di Cremona"},"image":{"@id":"https:\/\/www.conscremona.it\/#\/schema\/logo\/image\/"}},{"@type":"Person","@id":"https:\/\/www.conscremona.it\/#\/schema\/person\/77aabca861d7ef488c44426b8c3cae36","name":"segreteria","image":{"@type":"ImageObject","inLanguage":"en-US","@id":"https:\/\/secure.gravatar.com\/avatar\/926a8641731d8b6797fb9d6f5c9818b006da805cbe062226572f40d203a36232?s=96&d=mm&r=g","url":"https:\/\/secure.gravatar.com\/avatar\/926a8641731d8b6797fb9d6f5c9818b006da805cbe062226572f40d203a36232?s=96&d=mm&r=g","contentUrl":"https:\/\/secure.gravatar.com\/avatar\/926a8641731d8b6797fb9d6f5c9818b006da805cbe062226572f40d203a36232?s=96&d=mm&r=g","caption":"segreteria"},"url":"https:\/\/www.conscremona.it\/en\/author\/segreteria\/"}]}},"_links":{"self":[{"href":"https:\/\/www.conscremona.it\/en\/wp-json\/wp\/v2\/posts\/4243","targetHints":{"allow":["GET"]}}],"collection":[{"href":"https:\/\/www.conscremona.it\/en\/wp-json\/wp\/v2\/posts"}],"about":[{"href":"https:\/\/www.conscremona.it\/en\/wp-json\/wp\/v2\/types\/post"}],"author":[{"embeddable":true,"href":"https:\/\/www.conscremona.it\/en\/wp-json\/wp\/v2\/users\/4"}],"replies":[{"embeddable":true,"href":"https:\/\/www.conscremona.it\/en\/wp-json\/wp\/v2\/comments?post=4243"}],"version-history":[{"count":1,"href":"https:\/\/www.conscremona.it\/en\/wp-json\/wp\/v2\/posts\/4243\/revisions"}],"predecessor-version":[{"id":4244,"href":"https:\/\/www.conscremona.it\/en\/wp-json\/wp\/v2\/posts\/4243\/revisions\/4244"}],"wp:featuredmedia":[{"embeddable":true,"href":"https:\/\/www.conscremona.it\/en\/wp-json\/wp\/v2\/media\/4238"}],"wp:attachment":[{"href":"https:\/\/www.conscremona.it\/en\/wp-json\/wp\/v2\/media?parent=4243"}],"wp:term":[{"taxonomy":"category","embeddable":true,"href":"https:\/\/www.conscremona.it\/en\/wp-json\/wp\/v2\/categories?post=4243"},{"taxonomy":"post_tag","embeddable":true,"href":"https:\/\/www.conscremona.it\/en\/wp-json\/wp\/v2\/tags?post=4243"}],"curies":[{"name":"wp","href":"https:\/\/api.w.org\/{rel}","templated":true}]}}