{"id":4305,"date":"2018-04-18T10:55:46","date_gmt":"2018-04-18T10:55:46","guid":{"rendered":"https:\/\/www.conscremona.it\/les-matinees-del-monteverdi-2\/"},"modified":"2018-04-18T10:56:39","modified_gmt":"2018-04-18T10:56:39","slug":"les-matinees-del-monteverdi-2","status":"publish","type":"post","link":"https:\/\/www.conscremona.it\/en\/les-matinees-del-monteverdi-2\/","title":{"rendered":"Les Matin\u00e9es del Monteverdi &#8211; Recital violinistico"},"content":{"rendered":"<p><strong>Domenica 22 aprile 2018 ore 11<\/strong><\/p>\n<p><strong>Sala Manfredini \u2013 Museo Civico\u00a0<em>Ala Ponzone<\/em>, Cremona<\/strong><\/p>\n<p>&nbsp;<\/p>\n<p style=\"text-align: center;\"><strong>SILVIA VENDRAME &#8211; violino<\/strong><\/p>\n<p style=\"text-align: center;\"><strong>YEVHENIYA LYSOHOR &#8211; pianoforte<\/strong><\/p>\n<p>&nbsp;<\/p>\n<p><strong>PROGRAMMA<\/strong><\/p>\n<p>Johannes\u00a0BRAHMS\u00a0 \u00a0 \u00a0 \u00a0 \u00a0 \u00a0 \u00a0 \u00a0 \u00a0 \u00a0Scherzo in do minore dalla Sonata F.A.E.<br \/>\n(1833 \u2013 1897)<\/p>\n<p>Robert SCHUMANN\u00a0 \u00a0 \u00a0 \u00a0 \u00a0 \u00a0 \u00a0 \u00a0 \u00a0Sonata in la minore op. 105 n\u00b0 1<br \/>\n(1810-1856)\u00a0 \u00a0 \u00a0 \u00a0 \u00a0 \u00a0 \u00a0 \u00a0 \u00a0 \u00a0 \u00a0 \u00a0 \u00a0 \u00a0 \u00a0 \u00a0 \u00a0\u00a0<em>1. Mit leidenschaftlichem Ausdruck<br \/>\n<\/em>\u00a0 \u00a0 \u00a0 \u00a0 \u00a0 \u00a0 \u00a0 \u00a0 \u00a0 \u00a0 \u00a0 \u00a0 \u00a0 \u00a0 \u00a0 \u00a0 \u00a0 \u00a0 \u00a0 \u00a0 \u00a0 \u00a0 \u00a0 \u00a0 \u00a0 \u00a0 \u00a0 \u00a0\u00a0<em>2. Allegretto<\/em><br \/>\n<em>\u00a0 \u00a0 \u00a0 \u00a0 \u00a0 \u00a0 \u00a0 \u00a0 \u00a0 \u00a0 \u00a0 \u00a0 \u00a0 \u00a0 \u00a0 \u00a0 \u00a0 \u00a0 \u00a0 \u00a0 \u00a0 \u00a0 \u00a0 \u00a0 \u00a0 \u00a0 \u00a0 \u00a0 3. Lebhaft<\/em><em>\u00a0<\/em><\/p>\n<p>P\u00ebtr Il&#8217;i\u010d \u010cAJKOVSKIJ\u00a0 \u00a0 \u00a0 \u00a0 \u00a0 \u00a0 \u00a0Meditazione da &#8220;<em>Souvenir d&#8217;un lieu cher<\/em>&#8221;<br \/>\n(1849-1983) \u00a0 \u00a0 \u00a0 \u00a0 \u00a0 \u00a0 \u00a0 \u00a0 \u00a0 \u00a0 \u00a0 \u00a0 \u00a0 \u00a0 \u00a0 \u00a0<em>\u00a0<\/em>op. 42 n\u00b0 1<\/p>\n<p>Josef SUK\u00a0 \u00a0 \u00a0 \u00a0 \u00a0 \u00a0 \u00a0 \u00a0 \u00a0 \u00a0 \u00a0 \u00a0 \u00a0 \u00a0 \u00a0 \u00a0 \u00a0 \u00a0 Quattro pezzi per violino e pianoforte op. 17<br \/>\n(1849-1983) \u00a0 \u00a0 \u00a0 \u00a0 \u00a0 \u00a0 \u00a0 \u00a0 \u00a0 \u00a0 \u00a0 \u00a0 \u00a0 \u00a0 \u00a0 \u00a0\u00a0 1. Quasi ballata<br \/>\n2. Appassionato<br \/>\n3. Un poco triste<br \/>\n4. Burleska<\/p>\n<p>&nbsp;<\/p>\n<hr \/>\n<p style=\"text-align: center;\"><strong>LE INTERPRETI<\/strong><\/p>\n<p>&nbsp;<\/p>\n<p><strong>Silvia Vendrame, <\/strong>di anni 17, di doppia nazionalit\u00e0 Ceca e Italiana, frequenta il triennio AFAM di violino di violino presso il Conservatorio di Cremona nella classe di Laura Gorna. Nel 2013 ha vinto il primo premio al Concorso internazionale di Cortemilia (CN) in duo con la sorella Katia, pianista. Nello stesso anno ha partecipato al Classical Kids presso l\u2019Associazione Amici del Loggione. Dal 2013 ad oggi ogni anno ottiene dal Conservatorio di Cremona la borsa di merito. Nel 2014 ha suonato in quartetto e nell\u2019orchestra di Mozzo BG partecipando a diverse esibizioni in provincia di Bergamo: \u2018Maggio Mozzese\u2019, Obiettivo Musica a Mozzo, \u2018Suonando per le Contrade\u2019 in Valle Imagna e altre esibizioni con l\u2019orchestra. Sempre nel 2014 ha suonato in quartetto e in duo con la sorella per la manifestazione in ricordo di Giacomo Quarenghi a Mozzo (BG). Il 9 ottobre 2014 ha suonato al Museo del Violino di Cremona nell\u2019ambito del Festival Stradivari: \u2018Omaggio al Maestro Stradivari\u2019. Nel 2014 ha partecipato nuovamente al Classical Kids a Bergamo suonando al Teatro alle Grazie. A luglio 2015 ha partecipato alla manifestazione Chianti in Musica, come allieva nella masterclass di musica da camera e poi ha suonato ai concerti in calendario con la sorella Katia e nell&#8217;orchestra. Ad agosto 2015 per EXPO ha suonato alla pinacoteca di Brera di Milano, in duo sempre con la sorella Katia, nella manifestazione Classical Kids. Invitata ancora con la sorella Katia a suonare ad ottobre 2015 per il Festival Stradivari a Cremona.\u00a0 Nel 2017 e 2018 ha suonato ai <em>Matin\u00e9e<\/em> presso la pinacoteca di Cremona. Nel 2016 e 2017 \u00e8 stata invitata a suonare, sempre con la sorella Katia, al festival estivo di musica al castello di Ebnet a Friburgo ottenendo calorosi riconoscimenti. Fa parte dell\u2019organico dell\u2019orchestra del Conservatorio di Cremona. Frequenta il Liceo Classico D. Manin di Cremona.<\/p>\n<p>&nbsp;<\/p>\n<p>&nbsp;<\/p>\n<p><strong>Yevheniya Lysohor<\/strong>, nata in Ucraina, ha studiato pianoforte nella sua citt\u00e0 natale diplomandosi a 17 anni sotto la guida di Vsevolod Vorobyev. Nel 2015 si \u00e8 laureata con 110 e lode e menzione speciale presso l\u2019ISSM \u201cClaudio Monteverdi\u201d di Cremona con Lorenzo Di Bella. \u00c8 vincitrice di concorsi nazionali ed internazionali solistici e cameristici e di borse di studio (Kiwanis Club, Lions Club). Si \u00e8 esibita in qualit\u00e0 di solista e in musica da camera a Cremona, Milano, Roma, Firenze, Lugano, Sanremo, Ischia, Kiev, Goryeong (Corea del Sud). Tra le collaborazioni si ricordano quelle con Franco Petracchi, Femiy Mustafaev, Luca Bodini, Sebastian Ferrada, Orazio Mori, Ugo Orlandio, Marco Perini, Nadya Petrenko. Ha partecipato a diverse registrazioni video per IClassical Academy. \u00c8 collaboratrice al pianoforte presso l\u2019ISSM Monteverdi di Cremona ed \u00e8 invitata dall\u2019Accademia Walter Stauffer di Cremona in varie occasioni. Nell\u2019estate 2015 ha tenuto una masterclass nell\u2019ambito di Cremona Festival. Yevheniya Lysohor parla ucraino, russo, inglese, italiano, francese e turco. \u00c8 laureata in Economia presso Kiev Shevchenko National University Institute of International Relations.<\/p>\n<p style=\"text-align: left;\">\n","protected":false},"excerpt":{"rendered":"<p>Domenica 22 aprile 2018 ore 11 Sala Manfredini \u2013 Museo Civico\u00a0Ala Ponzone, Cremona &nbsp; SILVIA VENDRAME &#8211; violino YEVHENIYA LYSOHOR &#8211; pianoforte &nbsp; PROGRAMMA Johannes\u00a0BRAHMS\u00a0 \u00a0 \u00a0 \u00a0 \u00a0 \u00a0 [&hellip;]<\/p>\n","protected":false},"author":4,"featured_media":4302,"comment_status":"closed","ping_status":"closed","sticky":false,"template":"","format":"standard","meta":{"_acf_changed":false,"footnotes":""},"categories":[30],"tags":[],"class_list":["post-4305","post","type-post","status-publish","format-standard","has-post-thumbnail","hentry","category-monteverdi-action-en"],"acf":[],"yoast_head":"<!-- This site is optimized with the Yoast SEO plugin v27.2 - https:\/\/yoast.com\/product\/yoast-seo-wordpress\/ -->\n<title>Les Matin\u00e9es del Monteverdi - Recital violinistico - Conservatorio di Cremona<\/title>\n<meta name=\"robots\" content=\"index, follow, max-snippet:-1, max-image-preview:large, max-video-preview:-1\" \/>\n<link rel=\"canonical\" href=\"https:\/\/www.conscremona.it\/en\/les-matinees-del-monteverdi-2\/\" \/>\n<meta property=\"og:locale\" content=\"en_US\" \/>\n<meta property=\"og:type\" content=\"article\" \/>\n<meta property=\"og:title\" content=\"Les Matin\u00e9es del Monteverdi - Recital violinistico - Conservatorio di Cremona\" \/>\n<meta property=\"og:description\" content=\"Domenica 22 aprile 2018 ore 11 Sala Manfredini \u2013 Museo Civico\u00a0Ala Ponzone, Cremona &nbsp; SILVIA VENDRAME &#8211; violino YEVHENIYA LYSOHOR &#8211; pianoforte &nbsp; PROGRAMMA Johannes\u00a0BRAHMS\u00a0 \u00a0 \u00a0 \u00a0 \u00a0 \u00a0 [&hellip;]\" \/>\n<meta property=\"og:url\" content=\"https:\/\/www.conscremona.it\/en\/les-matinees-del-monteverdi-2\/\" \/>\n<meta property=\"og:site_name\" content=\"Conservatorio di Cremona\" \/>\n<meta property=\"article:published_time\" content=\"2018-04-18T10:55:46+00:00\" \/>\n<meta property=\"article:modified_time\" content=\"2018-04-18T10:56:39+00:00\" \/>\n<meta property=\"og:image\" content=\"https:\/\/www.conscremona.it\/site\/wp-content\/uploads\/2018\/04\/Schermata-2018-04-18-alle-12.30.19.png\" \/>\n\t<meta property=\"og:image:width\" content=\"401\" \/>\n\t<meta property=\"og:image:height\" content=\"429\" \/>\n\t<meta property=\"og:image:type\" content=\"image\/png\" \/>\n<meta name=\"author\" content=\"segreteria\" \/>\n<meta name=\"twitter:card\" content=\"summary_large_image\" \/>\n<meta name=\"twitter:label1\" content=\"Written by\" \/>\n\t<meta name=\"twitter:data1\" content=\"segreteria\" \/>\n\t<meta name=\"twitter:label2\" content=\"Est. reading time\" \/>\n\t<meta name=\"twitter:data2\" content=\"3 minutes\" \/>\n<script type=\"application\/ld+json\" class=\"yoast-schema-graph\">{\"@context\":\"https:\/\/schema.org\",\"@graph\":[{\"@type\":\"Article\",\"@id\":\"https:\/\/www.conscremona.it\/en\/les-matinees-del-monteverdi-2\/#article\",\"isPartOf\":{\"@id\":\"https:\/\/www.conscremona.it\/en\/les-matinees-del-monteverdi-2\/\"},\"author\":{\"name\":\"segreteria\",\"@id\":\"https:\/\/www.conscremona.it\/#\/schema\/person\/77aabca861d7ef488c44426b8c3cae36\"},\"headline\":\"Les Matin\u00e9es del Monteverdi &#8211; Recital violinistico\",\"datePublished\":\"2018-04-18T10:55:46+00:00\",\"dateModified\":\"2018-04-18T10:56:39+00:00\",\"mainEntityOfPage\":{\"@id\":\"https:\/\/www.conscremona.it\/en\/les-matinees-del-monteverdi-2\/\"},\"wordCount\":555,\"publisher\":{\"@id\":\"https:\/\/www.conscremona.it\/#organization\"},\"image\":{\"@id\":\"https:\/\/www.conscremona.it\/en\/les-matinees-del-monteverdi-2\/#primaryimage\"},\"thumbnailUrl\":\"https:\/\/www.conscremona.it\/site\/wp-content\/uploads\/2018\/04\/Schermata-2018-04-18-alle-12.30.19.png\",\"articleSection\":[\"Monteverdi Action!\"],\"inLanguage\":\"en-US\"},{\"@type\":\"WebPage\",\"@id\":\"https:\/\/www.conscremona.it\/en\/les-matinees-del-monteverdi-2\/\",\"url\":\"https:\/\/www.conscremona.it\/en\/les-matinees-del-monteverdi-2\/\",\"name\":\"Les Matin\u00e9es del Monteverdi - Recital violinistico - Conservatorio di Cremona\",\"isPartOf\":{\"@id\":\"https:\/\/www.conscremona.it\/#website\"},\"primaryImageOfPage\":{\"@id\":\"https:\/\/www.conscremona.it\/en\/les-matinees-del-monteverdi-2\/#primaryimage\"},\"image\":{\"@id\":\"https:\/\/www.conscremona.it\/en\/les-matinees-del-monteverdi-2\/#primaryimage\"},\"thumbnailUrl\":\"https:\/\/www.conscremona.it\/site\/wp-content\/uploads\/2018\/04\/Schermata-2018-04-18-alle-12.30.19.png\",\"datePublished\":\"2018-04-18T10:55:46+00:00\",\"dateModified\":\"2018-04-18T10:56:39+00:00\",\"breadcrumb\":{\"@id\":\"https:\/\/www.conscremona.it\/en\/les-matinees-del-monteverdi-2\/#breadcrumb\"},\"inLanguage\":\"en-US\",\"potentialAction\":[{\"@type\":\"ReadAction\",\"target\":[\"https:\/\/www.conscremona.it\/en\/les-matinees-del-monteverdi-2\/\"]}]},{\"@type\":\"ImageObject\",\"inLanguage\":\"en-US\",\"@id\":\"https:\/\/www.conscremona.it\/en\/les-matinees-del-monteverdi-2\/#primaryimage\",\"url\":\"https:\/\/www.conscremona.it\/site\/wp-content\/uploads\/2018\/04\/Schermata-2018-04-18-alle-12.30.19.png\",\"contentUrl\":\"https:\/\/www.conscremona.it\/site\/wp-content\/uploads\/2018\/04\/Schermata-2018-04-18-alle-12.30.19.png\",\"width\":401,\"height\":429},{\"@type\":\"BreadcrumbList\",\"@id\":\"https:\/\/www.conscremona.it\/en\/les-matinees-del-monteverdi-2\/#breadcrumb\",\"itemListElement\":[{\"@type\":\"ListItem\",\"position\":1,\"name\":\"Home\",\"item\":\"https:\/\/www.conscremona.it\/en\/\"},{\"@type\":\"ListItem\",\"position\":2,\"name\":\"Les Matin\u00e9es del Monteverdi &#8211; Recital violinistico\"}]},{\"@type\":\"WebSite\",\"@id\":\"https:\/\/www.conscremona.it\/#website\",\"url\":\"https:\/\/www.conscremona.it\/\",\"name\":\"Conservatorio Claudio Monteverdi di Cremona\",\"description\":\"Istituto Superiore di Studi Musicali &quot;Claudio Monteverdi&quot; di Cremona\",\"publisher\":{\"@id\":\"https:\/\/www.conscremona.it\/#organization\"},\"potentialAction\":[{\"@type\":\"SearchAction\",\"target\":{\"@type\":\"EntryPoint\",\"urlTemplate\":\"https:\/\/www.conscremona.it\/?s={search_term_string}\"},\"query-input\":{\"@type\":\"PropertyValueSpecification\",\"valueRequired\":true,\"valueName\":\"search_term_string\"}}],\"inLanguage\":\"en-US\"},{\"@type\":\"Organization\",\"@id\":\"https:\/\/www.conscremona.it\/#organization\",\"name\":\"Conservatorio Claudio Monteverdi di Cremona\",\"url\":\"https:\/\/www.conscremona.it\/\",\"logo\":{\"@type\":\"ImageObject\",\"inLanguage\":\"en-US\",\"@id\":\"https:\/\/www.conscremona.it\/#\/schema\/logo\/image\/\",\"url\":\"https:\/\/www.conscremona.it\/site\/wp-content\/uploads\/2023\/10\/Logo-ok-color-1.png\",\"contentUrl\":\"https:\/\/www.conscremona.it\/site\/wp-content\/uploads\/2023\/10\/Logo-ok-color-1.png\",\"width\":1920,\"height\":523,\"caption\":\"Conservatorio Claudio Monteverdi di Cremona\"},\"image\":{\"@id\":\"https:\/\/www.conscremona.it\/#\/schema\/logo\/image\/\"}},{\"@type\":\"Person\",\"@id\":\"https:\/\/www.conscremona.it\/#\/schema\/person\/77aabca861d7ef488c44426b8c3cae36\",\"name\":\"segreteria\",\"image\":{\"@type\":\"ImageObject\",\"inLanguage\":\"en-US\",\"@id\":\"https:\/\/secure.gravatar.com\/avatar\/926a8641731d8b6797fb9d6f5c9818b006da805cbe062226572f40d203a36232?s=96&d=mm&r=g\",\"url\":\"https:\/\/secure.gravatar.com\/avatar\/926a8641731d8b6797fb9d6f5c9818b006da805cbe062226572f40d203a36232?s=96&d=mm&r=g\",\"contentUrl\":\"https:\/\/secure.gravatar.com\/avatar\/926a8641731d8b6797fb9d6f5c9818b006da805cbe062226572f40d203a36232?s=96&d=mm&r=g\",\"caption\":\"segreteria\"},\"url\":\"https:\/\/www.conscremona.it\/en\/author\/segreteria\/\"}]}<\/script>\n<!-- \/ Yoast SEO plugin. -->","yoast_head_json":{"title":"Les Matin\u00e9es del Monteverdi - Recital violinistico - Conservatorio di Cremona","robots":{"index":"index","follow":"follow","max-snippet":"max-snippet:-1","max-image-preview":"max-image-preview:large","max-video-preview":"max-video-preview:-1"},"canonical":"https:\/\/www.conscremona.it\/en\/les-matinees-del-monteverdi-2\/","og_locale":"en_US","og_type":"article","og_title":"Les Matin\u00e9es del Monteverdi - Recital violinistico - Conservatorio di Cremona","og_description":"Domenica 22 aprile 2018 ore 11 Sala Manfredini \u2013 Museo Civico\u00a0Ala Ponzone, Cremona &nbsp; SILVIA VENDRAME &#8211; violino YEVHENIYA LYSOHOR &#8211; pianoforte &nbsp; PROGRAMMA Johannes\u00a0BRAHMS\u00a0 \u00a0 \u00a0 \u00a0 \u00a0 \u00a0 [&hellip;]","og_url":"https:\/\/www.conscremona.it\/en\/les-matinees-del-monteverdi-2\/","og_site_name":"Conservatorio di Cremona","article_published_time":"2018-04-18T10:55:46+00:00","article_modified_time":"2018-04-18T10:56:39+00:00","og_image":[{"width":401,"height":429,"url":"https:\/\/www.conscremona.it\/site\/wp-content\/uploads\/2018\/04\/Schermata-2018-04-18-alle-12.30.19.png","type":"image\/png"}],"author":"segreteria","twitter_card":"summary_large_image","twitter_misc":{"Written by":"segreteria","Est. reading time":"3 minutes"},"schema":{"@context":"https:\/\/schema.org","@graph":[{"@type":"Article","@id":"https:\/\/www.conscremona.it\/en\/les-matinees-del-monteverdi-2\/#article","isPartOf":{"@id":"https:\/\/www.conscremona.it\/en\/les-matinees-del-monteverdi-2\/"},"author":{"name":"segreteria","@id":"https:\/\/www.conscremona.it\/#\/schema\/person\/77aabca861d7ef488c44426b8c3cae36"},"headline":"Les Matin\u00e9es del Monteverdi &#8211; Recital violinistico","datePublished":"2018-04-18T10:55:46+00:00","dateModified":"2018-04-18T10:56:39+00:00","mainEntityOfPage":{"@id":"https:\/\/www.conscremona.it\/en\/les-matinees-del-monteverdi-2\/"},"wordCount":555,"publisher":{"@id":"https:\/\/www.conscremona.it\/#organization"},"image":{"@id":"https:\/\/www.conscremona.it\/en\/les-matinees-del-monteverdi-2\/#primaryimage"},"thumbnailUrl":"https:\/\/www.conscremona.it\/site\/wp-content\/uploads\/2018\/04\/Schermata-2018-04-18-alle-12.30.19.png","articleSection":["Monteverdi Action!"],"inLanguage":"en-US"},{"@type":"WebPage","@id":"https:\/\/www.conscremona.it\/en\/les-matinees-del-monteverdi-2\/","url":"https:\/\/www.conscremona.it\/en\/les-matinees-del-monteverdi-2\/","name":"Les Matin\u00e9es del Monteverdi - Recital violinistico - Conservatorio di Cremona","isPartOf":{"@id":"https:\/\/www.conscremona.it\/#website"},"primaryImageOfPage":{"@id":"https:\/\/www.conscremona.it\/en\/les-matinees-del-monteverdi-2\/#primaryimage"},"image":{"@id":"https:\/\/www.conscremona.it\/en\/les-matinees-del-monteverdi-2\/#primaryimage"},"thumbnailUrl":"https:\/\/www.conscremona.it\/site\/wp-content\/uploads\/2018\/04\/Schermata-2018-04-18-alle-12.30.19.png","datePublished":"2018-04-18T10:55:46+00:00","dateModified":"2018-04-18T10:56:39+00:00","breadcrumb":{"@id":"https:\/\/www.conscremona.it\/en\/les-matinees-del-monteverdi-2\/#breadcrumb"},"inLanguage":"en-US","potentialAction":[{"@type":"ReadAction","target":["https:\/\/www.conscremona.it\/en\/les-matinees-del-monteverdi-2\/"]}]},{"@type":"ImageObject","inLanguage":"en-US","@id":"https:\/\/www.conscremona.it\/en\/les-matinees-del-monteverdi-2\/#primaryimage","url":"https:\/\/www.conscremona.it\/site\/wp-content\/uploads\/2018\/04\/Schermata-2018-04-18-alle-12.30.19.png","contentUrl":"https:\/\/www.conscremona.it\/site\/wp-content\/uploads\/2018\/04\/Schermata-2018-04-18-alle-12.30.19.png","width":401,"height":429},{"@type":"BreadcrumbList","@id":"https:\/\/www.conscremona.it\/en\/les-matinees-del-monteverdi-2\/#breadcrumb","itemListElement":[{"@type":"ListItem","position":1,"name":"Home","item":"https:\/\/www.conscremona.it\/en\/"},{"@type":"ListItem","position":2,"name":"Les Matin\u00e9es del Monteverdi &#8211; Recital violinistico"}]},{"@type":"WebSite","@id":"https:\/\/www.conscremona.it\/#website","url":"https:\/\/www.conscremona.it\/","name":"Conservatorio Claudio Monteverdi di Cremona","description":"Istituto Superiore di Studi Musicali &quot;Claudio Monteverdi&quot; di Cremona","publisher":{"@id":"https:\/\/www.conscremona.it\/#organization"},"potentialAction":[{"@type":"SearchAction","target":{"@type":"EntryPoint","urlTemplate":"https:\/\/www.conscremona.it\/?s={search_term_string}"},"query-input":{"@type":"PropertyValueSpecification","valueRequired":true,"valueName":"search_term_string"}}],"inLanguage":"en-US"},{"@type":"Organization","@id":"https:\/\/www.conscremona.it\/#organization","name":"Conservatorio Claudio Monteverdi di Cremona","url":"https:\/\/www.conscremona.it\/","logo":{"@type":"ImageObject","inLanguage":"en-US","@id":"https:\/\/www.conscremona.it\/#\/schema\/logo\/image\/","url":"https:\/\/www.conscremona.it\/site\/wp-content\/uploads\/2023\/10\/Logo-ok-color-1.png","contentUrl":"https:\/\/www.conscremona.it\/site\/wp-content\/uploads\/2023\/10\/Logo-ok-color-1.png","width":1920,"height":523,"caption":"Conservatorio Claudio Monteverdi di Cremona"},"image":{"@id":"https:\/\/www.conscremona.it\/#\/schema\/logo\/image\/"}},{"@type":"Person","@id":"https:\/\/www.conscremona.it\/#\/schema\/person\/77aabca861d7ef488c44426b8c3cae36","name":"segreteria","image":{"@type":"ImageObject","inLanguage":"en-US","@id":"https:\/\/secure.gravatar.com\/avatar\/926a8641731d8b6797fb9d6f5c9818b006da805cbe062226572f40d203a36232?s=96&d=mm&r=g","url":"https:\/\/secure.gravatar.com\/avatar\/926a8641731d8b6797fb9d6f5c9818b006da805cbe062226572f40d203a36232?s=96&d=mm&r=g","contentUrl":"https:\/\/secure.gravatar.com\/avatar\/926a8641731d8b6797fb9d6f5c9818b006da805cbe062226572f40d203a36232?s=96&d=mm&r=g","caption":"segreteria"},"url":"https:\/\/www.conscremona.it\/en\/author\/segreteria\/"}]}},"_links":{"self":[{"href":"https:\/\/www.conscremona.it\/en\/wp-json\/wp\/v2\/posts\/4305","targetHints":{"allow":["GET"]}}],"collection":[{"href":"https:\/\/www.conscremona.it\/en\/wp-json\/wp\/v2\/posts"}],"about":[{"href":"https:\/\/www.conscremona.it\/en\/wp-json\/wp\/v2\/types\/post"}],"author":[{"embeddable":true,"href":"https:\/\/www.conscremona.it\/en\/wp-json\/wp\/v2\/users\/4"}],"replies":[{"embeddable":true,"href":"https:\/\/www.conscremona.it\/en\/wp-json\/wp\/v2\/comments?post=4305"}],"version-history":[{"count":1,"href":"https:\/\/www.conscremona.it\/en\/wp-json\/wp\/v2\/posts\/4305\/revisions"}],"predecessor-version":[{"id":4306,"href":"https:\/\/www.conscremona.it\/en\/wp-json\/wp\/v2\/posts\/4305\/revisions\/4306"}],"wp:featuredmedia":[{"embeddable":true,"href":"https:\/\/www.conscremona.it\/en\/wp-json\/wp\/v2\/media\/4302"}],"wp:attachment":[{"href":"https:\/\/www.conscremona.it\/en\/wp-json\/wp\/v2\/media?parent=4305"}],"wp:term":[{"taxonomy":"category","embeddable":true,"href":"https:\/\/www.conscremona.it\/en\/wp-json\/wp\/v2\/categories?post=4305"},{"taxonomy":"post_tag","embeddable":true,"href":"https:\/\/www.conscremona.it\/en\/wp-json\/wp\/v2\/tags?post=4305"}],"curies":[{"name":"wp","href":"https:\/\/api.w.org\/{rel}","templated":true}]}}