{"id":5003,"date":"2019-01-07T13:53:46","date_gmt":"2019-01-07T13:53:46","guid":{"rendered":"https:\/\/www.conscremona.it\/musica-in-amicizia-da-mosca-a-cremona-masterclass-di-violino\/"},"modified":"2019-01-07T13:57:04","modified_gmt":"2019-01-07T13:57:04","slug":"musica-in-amicizia-da-mosca-a-cremona-masterclass-di-violino","status":"publish","type":"post","link":"https:\/\/www.conscremona.it\/en\/musica-in-amicizia-da-mosca-a-cremona-masterclass-di-violino\/","title":{"rendered":"&#8220;Musica in amicizia. Da Mosca a Cremona&#8221;: Masterclass di violino"},"content":{"rendered":"<h2>Musica in amicizia. Da Mosca a Cremona<\/h2>\n<h3><strong><a href=\"http:\/\/www.conscremona.it\/site\/wp-content\/uploads\/2019\/01\/Prova-master1.jpg\" data-rel=\"lightbox-image-0\" data-rl_title=\"\" data-rl_caption=\"\" title=\"\"><img fetchpriority=\"high\" decoding=\"async\" class=\" wp-image-4989 alignleft\" src=\"http:\/\/www.conscremona.it\/site\/wp-content\/uploads\/2019\/01\/Prova-master1.jpg\" alt=\"\" width=\"262\" height=\"371\" srcset=\"https:\/\/www.conscremona.it\/site\/wp-content\/uploads\/2019\/01\/Prova-master1.jpg 3508w, https:\/\/www.conscremona.it\/site\/wp-content\/uploads\/2019\/01\/Prova-master1-212x300.jpg 212w, https:\/\/www.conscremona.it\/site\/wp-content\/uploads\/2019\/01\/Prova-master1-768x1086.jpg 768w, https:\/\/www.conscremona.it\/site\/wp-content\/uploads\/2019\/01\/Prova-master1-724x1024.jpg 724w, https:\/\/www.conscremona.it\/site\/wp-content\/uploads\/2019\/01\/Prova-master1-85x120.jpg 85w\" sizes=\"(max-width: 262px) 100vw, 262px\" \/><\/a>Scambio culturale: Masterclass di Violino<\/strong><\/h3>\n<p><strong>Sabato 12 gennaio, ore 14.30<\/strong><\/p>\n<p>A cura della Professoressa <strong>Laura Gorna<\/strong> (<em>Conservatorio &#8216;Monteverdi&#8217; di Cremona<\/em>) e del Professore <strong>Victor Abramyan\u00a0<\/strong>(<em>Scuola Centrale Musicale di Mosca presso il Conservatori &#8216;Tchaikovsky&#8217;).\u00a0<\/em><\/p>\n<p>La Masterclass \u00e8 aperta al pubblico e vedr\u00e0 impegnati gli allievi di entrambi i professori.<\/p>\n<p>Si segnala inoltre che, nell&#8217;ambito della rassegna &#8220;<strong>Musica al Museo<\/strong>&#8221; gli studenti della classe del Prof. Abramyan della Scuola Centrale Musicale di Mosca si esibiranno in un\u00a0<strong>concerto<\/strong>,\u00a0<strong>domenica 13 gennaio\u00a0<\/strong>alle\u00a0<strong>ore 11.00.\u00a0<\/strong><\/p>\n<p>Ingresso Gratuito<\/p>\n<p>Entrambi gli eventi si terranno presso la\u00a0<strong>Sala Manfredini\u00a0<\/strong>del Museo Civico <em>Ala Ponzone.<\/em><\/p>\n<p>&nbsp;<\/p>\n<p>&nbsp;<\/p>\n<p>&nbsp;<\/p>\n<hr \/>\n<h4 style=\"text-align: center;\"><strong>I docenti della Masterclass<\/strong><\/h4>\n<p><strong><a href=\"http:\/\/www.conscremona.it\/site\/wp-content\/uploads\/2019\/01\/Senza-titolo.png\" data-rel=\"lightbox-image-1\" data-rl_title=\"\" data-rl_caption=\"\" title=\"\"><img decoding=\"async\" class=\" wp-image-5001 alignleft\" src=\"http:\/\/www.conscremona.it\/site\/wp-content\/uploads\/2019\/01\/Senza-titolo.png\" alt=\"\" width=\"110\" height=\"134\" \/><\/a>Victor\u00a0 Abramyan, <\/strong>nato nel 1956 a Mosca, ha studiato il violino presso la Scuola Centrale Musicale di Mosca e subito dopo si \u00e8 laureato con il massimo dei voti presso il Conservatorio di Stato\u00a0 Tchaikovsky.<br \/>\nLa sua carriera concertistica inizia presso la Central Music School e, dopo il diploma, lavora\u00a0 in qualit\u00e0 di solista presso la Societ\u00e0 Statale di \u201cMosconcert\u201d, Filarmonica di Mosca, Ensemble \u201cConcertino\u201d.<br \/>\nVictor Abramyan ha sempre partecipato ai numerosi concerti nazionali ed internazionali nelle sale pi\u00f9 prestigiose del mondo. Dal 1995 al 2005 ha insegnato presso il Conservatorio di Stato Tchaikovsky, dal 2003 insegna presso la Scuola Centrale Musicale di Mosca. Regolarmente tiene Masterclass nelle diverse citt\u00e0 russe, negli USA (Universit\u00e0 George Mason, Longy School of Music Boston), in Germania, Messico, Tunisi, ecc. I suoi studenti diverse volte sono stati premiati con merito ai concorsi nazionali ed internazionali di categoria.<\/p>\n<p><strong><a href=\"http:\/\/www.conscremona.it\/site\/wp-content\/uploads\/2016\/12\/laura-14.jpg\" data-rel=\"lightbox-image-2\" data-rl_title=\"\" data-rl_caption=\"\" title=\"\"><img decoding=\"async\" class=\" wp-image-4290 alignleft\" src=\"http:\/\/www.conscremona.it\/site\/wp-content\/uploads\/2016\/12\/laura-14.jpg\" alt=\"\" width=\"103\" height=\"155\" srcset=\"https:\/\/www.conscremona.it\/site\/wp-content\/uploads\/2016\/12\/laura-14.jpg 4912w, https:\/\/www.conscremona.it\/site\/wp-content\/uploads\/2016\/12\/laura-14-200x300.jpg 200w, https:\/\/www.conscremona.it\/site\/wp-content\/uploads\/2016\/12\/laura-14-768x1151.jpg 768w, https:\/\/www.conscremona.it\/site\/wp-content\/uploads\/2016\/12\/laura-14-683x1024.jpg 683w, https:\/\/www.conscremona.it\/site\/wp-content\/uploads\/2016\/12\/laura-14-80x120.jpg 80w\" sizes=\"(max-width: 103px) 100vw, 103px\" \/><\/a>Laura Gorna,\u00a0<\/strong>\u00a0si diploma con il massimo dei voti presso il Conservatorio \u201cG.Verdi\u201d di Milano, sotto la guida di Gigino Maestri. Si perfeziona in seguito con Salvatore Accardo all\u2019Accademia \u201cW.Stauffer\u201d di Cremona.<br \/>\nVincitrice del XXII Concorso \u201cCitt\u00e0 di Vittorio Veneto\u201d, debutta giovanissima alla Sala Verdi di Milano, suonando il Concerto di Khachaturian con l\u2019Orchestra della Rai.<br \/>\nLe sue tourn\u00e9e l\u2019hanno vista esibirsi nei principali centri italiani e mondiali: Sala Verdi e Auditorium Cariplo di Milano, Teatro Ponchielli di Cremona, Auditorium Lingotto e Conservatorio G. Verdi di Torino ,Teatro Comunale di Bologna, Teatro Regio di Parma, Teatro San Carlo e Settimane Musicali di Napoli, Accademia Chigiana di Siena, Teatro la Fenice di Venezia, Teatro Olimpico di Vicenza,Teatro Carlo Felice di Genova, Teatro della Pergola di Firenze, Auditorium Parco della Musica e Teatro Olimpico di Roma, Teatro Petruzzelli di Bari, Politeama di Palermo, Cit\u00e9 de La Musique e Th\u00e8atre de Champs-Elys\u00e8es di Parigi, Royal Albert Hall di Londra, Fondazione Gulbenkian di Lisbona, Lincoln Center di New York, Opera House di Tokyo, Opera di Pechino, Teatro Coliseo e Col\u00f3n di Buenos Aires, Teatro Municipale di San Paolo, Festival di Verbier e Mentone,etc.<br \/>\nIn Italia e all\u2019estero \u00e8 ospite cone solista di numerose orchestre, quali l\u2019Orchestra di Padova e del Veneto, l\u2019Orchestra Regionale Toscana, l\u2019Orchestra Sinfonica Siciliana, la Sudwestdeutsche Philarmonie, Orchestra da Camera Italiana, Balkan Symphony Orchestra,Qatar Philharmonic Orchestra ,sotto la direzione di Stewart Robinson, Baldur Bronnimann, Christopher Franklin, Salvatore Accardo, Piero Bellugi, Ovidiu Balan.<br \/>\nGrande appassionata di musica da camera, Laura Gorna diventa nel 1992 membro del Quartetto Accardo e collabora in diverse formazioni con Bruno Giuranna, Toby Hoffmann, Rocco Filippini, Bruno Canino, Giovanni Bellucci, Andrea Lucchesini, Franco Petracchi. Nel 2005 fonda \u201cEstrio\u201d con la violoncellista Cecilia Radic e la pianista Laura Manzini, definite da Lorenzo Arruga, al loro debutto discografico e concertistico, come \u201cTre musiciste ineccepibili, firmano un disco esemplare e intensissimo: saldezza e fantasia, cultura e istinto nella bellezza del suono\u201d. Ha peraltro eseguito, dal 2002 ad oggi, l\u2019opera completa da camera di J. Brahms, F. Mendelsshon e R. Schumann per le pi\u00f9 importanti istituzioni concertistiche italiane. Nel Marzo 2009 Estrio si \u00e8 esibito nella Cappella Paolina del Quirinale, alla presenza del Presidente Napolitano. Laura Gorna \u00e8 tra gli ideatori del Festival Notti Trasfigurate al Teatro Olimpico di Vicenza e dello spettacolo su Robert e Clara Schumann \u201cPochi avvenimenti , felicit\u00e0 assoluta.\u201d con Estrio e l\u2019attrice Sonia Bergamasco, in prima mondiale al Festival MiTo 2010. Incide per la casa discografica \u201cFon\u00e8\u201d, le sue pi\u00f9 recenti registrazioni comprendono alcuni CD monografici (Piazzolla, Vivaldi) come Solista con l\u2019Orchestra da Camera Italiana, un recital con il pianista Filippo Faes (Schumann, Paganini-Szymanowski, Ravel) e l\u2019ultimo CD con Estrio (Schumann, Shostakovich). Ha inoltre al suo attivo numerose registrazioni radiotelevisive per la Rai, Art\u2019\u00e8, Radiotre, fra le quali i concerti di Bruch, Khachaturian e Prokofiev. Primo violino di spalla dell\u2019Orchestra da Camera Italiana, da anni Laura Gorna si dedica con passione anche all\u2019insegnamento, prima tenendo i corsi di perfezionamento all\u2019 \u201cAccademia Musicale Pescarese\u201d, poi vincendo il concorso all\u2019Istituto di Superiore di Studi Musicali \u201cC. Monteverdi\u201d di Cremona. Tra i suoi allievi si annoverano diversi primi e secondi premi assegnati dai pi\u00f9 importanti concorsi nazionali.<br \/>\nLaura Gorna suona lo splendido violino \u201cGiorgio III\u201d di Giovanni Paolo Maggini (Brescia,1620).<\/p>\n<hr \/>\n<h4 style=\"text-align: center;\">Download<\/h4>\n<p>Programma del concerto: <a href=\"https:\/\/www.conscremona.it\/en\/?ddownload=4991\" title=\"Download\" rel=\"nofollow\" class=\"ddownload-button button-blue id-4991 ext-pdf\">Download<\/a><\/p>\n<p>&nbsp;<\/p>\n","protected":false},"excerpt":{"rendered":"<p>Musica in amicizia. Da Mosca a Cremona Scambio culturale: Masterclass di Violino Sabato 12 gennaio, ore 14.30 A cura della Professoressa Laura Gorna (Conservatorio &#8216;Monteverdi&#8217; di Cremona) e del Professore [&hellip;]<\/p>\n","protected":false},"author":4,"featured_media":4998,"comment_status":"closed","ping_status":"closed","sticky":false,"template":"","format":"standard","meta":{"_acf_changed":false,"footnotes":""},"categories":[11],"tags":[],"class_list":["post-5003","post","type-post","status-publish","format-standard","has-post-thumbnail","hentry","category-alta-formazione-en"],"acf":[],"yoast_head":"<!-- This site is optimized with the Yoast SEO plugin v27.2 - https:\/\/yoast.com\/product\/yoast-seo-wordpress\/ -->\n<title>&quot;Musica in amicizia. Da Mosca a Cremona&quot;: Masterclass di violino - Conservatorio di Cremona<\/title>\n<meta name=\"robots\" content=\"index, follow, max-snippet:-1, max-image-preview:large, max-video-preview:-1\" \/>\n<link rel=\"canonical\" href=\"https:\/\/www.conscremona.it\/en\/musica-in-amicizia-da-mosca-a-cremona-masterclass-di-violino\/\" \/>\n<meta property=\"og:locale\" content=\"en_US\" \/>\n<meta property=\"og:type\" content=\"article\" \/>\n<meta property=\"og:title\" content=\"&quot;Musica in amicizia. Da Mosca a Cremona&quot;: Masterclass di violino - Conservatorio di Cremona\" \/>\n<meta property=\"og:description\" content=\"Musica in amicizia. Da Mosca a Cremona Scambio culturale: Masterclass di Violino Sabato 12 gennaio, ore 14.30 A cura della Professoressa Laura Gorna (Conservatorio &#8216;Monteverdi&#8217; di Cremona) e del Professore [&hellip;]\" \/>\n<meta property=\"og:url\" content=\"https:\/\/www.conscremona.it\/en\/musica-in-amicizia-da-mosca-a-cremona-masterclass-di-violino\/\" \/>\n<meta property=\"og:site_name\" content=\"Conservatorio di Cremona\" \/>\n<meta property=\"article:published_time\" content=\"2019-01-07T13:53:46+00:00\" \/>\n<meta property=\"article:modified_time\" content=\"2019-01-07T13:57:04+00:00\" \/>\n<meta property=\"og:image\" content=\"https:\/\/www.conscremona.it\/site\/wp-content\/uploads\/2019\/01\/Prova-master1-copia-e1546868678333.jpg\" \/>\n\t<meta property=\"og:image:width\" content=\"350\" \/>\n\t<meta property=\"og:image:height\" content=\"120\" \/>\n\t<meta property=\"og:image:type\" content=\"image\/jpeg\" \/>\n<meta name=\"author\" content=\"segreteria\" \/>\n<meta name=\"twitter:card\" content=\"summary_large_image\" \/>\n<meta name=\"twitter:label1\" content=\"Written by\" \/>\n\t<meta name=\"twitter:data1\" content=\"segreteria\" \/>\n\t<meta name=\"twitter:label2\" content=\"Est. reading time\" \/>\n\t<meta name=\"twitter:data2\" content=\"4 minutes\" \/>\n<script type=\"application\/ld+json\" class=\"yoast-schema-graph\">{\"@context\":\"https:\/\/schema.org\",\"@graph\":[{\"@type\":\"Article\",\"@id\":\"https:\/\/www.conscremona.it\/en\/musica-in-amicizia-da-mosca-a-cremona-masterclass-di-violino\/#article\",\"isPartOf\":{\"@id\":\"https:\/\/www.conscremona.it\/en\/musica-in-amicizia-da-mosca-a-cremona-masterclass-di-violino\/\"},\"author\":{\"name\":\"segreteria\",\"@id\":\"https:\/\/www.conscremona.it\/#\/schema\/person\/77aabca861d7ef488c44426b8c3cae36\"},\"headline\":\"&#8220;Musica in amicizia. Da Mosca a Cremona&#8221;: Masterclass di violino\",\"datePublished\":\"2019-01-07T13:53:46+00:00\",\"dateModified\":\"2019-01-07T13:57:04+00:00\",\"mainEntityOfPage\":{\"@id\":\"https:\/\/www.conscremona.it\/en\/musica-in-amicizia-da-mosca-a-cremona-masterclass-di-violino\/\"},\"wordCount\":818,\"publisher\":{\"@id\":\"https:\/\/www.conscremona.it\/#organization\"},\"image\":{\"@id\":\"https:\/\/www.conscremona.it\/en\/musica-in-amicizia-da-mosca-a-cremona-masterclass-di-violino\/#primaryimage\"},\"thumbnailUrl\":\"https:\/\/www.conscremona.it\/site\/wp-content\/uploads\/2019\/01\/Prova-master1-copia-e1546868678333.jpg\",\"articleSection\":[\"Alta formazione @en\"],\"inLanguage\":\"en-US\"},{\"@type\":\"WebPage\",\"@id\":\"https:\/\/www.conscremona.it\/en\/musica-in-amicizia-da-mosca-a-cremona-masterclass-di-violino\/\",\"url\":\"https:\/\/www.conscremona.it\/en\/musica-in-amicizia-da-mosca-a-cremona-masterclass-di-violino\/\",\"name\":\"\\\"Musica in amicizia. Da Mosca a Cremona\\\": Masterclass di violino - Conservatorio di Cremona\",\"isPartOf\":{\"@id\":\"https:\/\/www.conscremona.it\/#website\"},\"primaryImageOfPage\":{\"@id\":\"https:\/\/www.conscremona.it\/en\/musica-in-amicizia-da-mosca-a-cremona-masterclass-di-violino\/#primaryimage\"},\"image\":{\"@id\":\"https:\/\/www.conscremona.it\/en\/musica-in-amicizia-da-mosca-a-cremona-masterclass-di-violino\/#primaryimage\"},\"thumbnailUrl\":\"https:\/\/www.conscremona.it\/site\/wp-content\/uploads\/2019\/01\/Prova-master1-copia-e1546868678333.jpg\",\"datePublished\":\"2019-01-07T13:53:46+00:00\",\"dateModified\":\"2019-01-07T13:57:04+00:00\",\"breadcrumb\":{\"@id\":\"https:\/\/www.conscremona.it\/en\/musica-in-amicizia-da-mosca-a-cremona-masterclass-di-violino\/#breadcrumb\"},\"inLanguage\":\"en-US\",\"potentialAction\":[{\"@type\":\"ReadAction\",\"target\":[\"https:\/\/www.conscremona.it\/en\/musica-in-amicizia-da-mosca-a-cremona-masterclass-di-violino\/\"]}]},{\"@type\":\"ImageObject\",\"inLanguage\":\"en-US\",\"@id\":\"https:\/\/www.conscremona.it\/en\/musica-in-amicizia-da-mosca-a-cremona-masterclass-di-violino\/#primaryimage\",\"url\":\"https:\/\/www.conscremona.it\/site\/wp-content\/uploads\/2019\/01\/Prova-master1-copia-e1546868678333.jpg\",\"contentUrl\":\"https:\/\/www.conscremona.it\/site\/wp-content\/uploads\/2019\/01\/Prova-master1-copia-e1546868678333.jpg\",\"width\":350,\"height\":120},{\"@type\":\"BreadcrumbList\",\"@id\":\"https:\/\/www.conscremona.it\/en\/musica-in-amicizia-da-mosca-a-cremona-masterclass-di-violino\/#breadcrumb\",\"itemListElement\":[{\"@type\":\"ListItem\",\"position\":1,\"name\":\"Home\",\"item\":\"https:\/\/www.conscremona.it\/en\/\"},{\"@type\":\"ListItem\",\"position\":2,\"name\":\"&#8220;Musica in amicizia. Da Mosca a Cremona&#8221;: Masterclass di violino\"}]},{\"@type\":\"WebSite\",\"@id\":\"https:\/\/www.conscremona.it\/#website\",\"url\":\"https:\/\/www.conscremona.it\/\",\"name\":\"Conservatorio Claudio Monteverdi di Cremona\",\"description\":\"Istituto Superiore di Studi Musicali &quot;Claudio Monteverdi&quot; di Cremona\",\"publisher\":{\"@id\":\"https:\/\/www.conscremona.it\/#organization\"},\"potentialAction\":[{\"@type\":\"SearchAction\",\"target\":{\"@type\":\"EntryPoint\",\"urlTemplate\":\"https:\/\/www.conscremona.it\/?s={search_term_string}\"},\"query-input\":{\"@type\":\"PropertyValueSpecification\",\"valueRequired\":true,\"valueName\":\"search_term_string\"}}],\"inLanguage\":\"en-US\"},{\"@type\":\"Organization\",\"@id\":\"https:\/\/www.conscremona.it\/#organization\",\"name\":\"Conservatorio Claudio Monteverdi di Cremona\",\"url\":\"https:\/\/www.conscremona.it\/\",\"logo\":{\"@type\":\"ImageObject\",\"inLanguage\":\"en-US\",\"@id\":\"https:\/\/www.conscremona.it\/#\/schema\/logo\/image\/\",\"url\":\"https:\/\/www.conscremona.it\/site\/wp-content\/uploads\/2023\/10\/Logo-ok-color-1.png\",\"contentUrl\":\"https:\/\/www.conscremona.it\/site\/wp-content\/uploads\/2023\/10\/Logo-ok-color-1.png\",\"width\":1920,\"height\":523,\"caption\":\"Conservatorio Claudio Monteverdi di Cremona\"},\"image\":{\"@id\":\"https:\/\/www.conscremona.it\/#\/schema\/logo\/image\/\"}},{\"@type\":\"Person\",\"@id\":\"https:\/\/www.conscremona.it\/#\/schema\/person\/77aabca861d7ef488c44426b8c3cae36\",\"name\":\"segreteria\",\"image\":{\"@type\":\"ImageObject\",\"inLanguage\":\"en-US\",\"@id\":\"https:\/\/secure.gravatar.com\/avatar\/926a8641731d8b6797fb9d6f5c9818b006da805cbe062226572f40d203a36232?s=96&d=mm&r=g\",\"url\":\"https:\/\/secure.gravatar.com\/avatar\/926a8641731d8b6797fb9d6f5c9818b006da805cbe062226572f40d203a36232?s=96&d=mm&r=g\",\"contentUrl\":\"https:\/\/secure.gravatar.com\/avatar\/926a8641731d8b6797fb9d6f5c9818b006da805cbe062226572f40d203a36232?s=96&d=mm&r=g\",\"caption\":\"segreteria\"},\"url\":\"https:\/\/www.conscremona.it\/en\/author\/segreteria\/\"}]}<\/script>\n<!-- \/ Yoast SEO plugin. -->","yoast_head_json":{"title":"\"Musica in amicizia. Da Mosca a Cremona\": Masterclass di violino - Conservatorio di Cremona","robots":{"index":"index","follow":"follow","max-snippet":"max-snippet:-1","max-image-preview":"max-image-preview:large","max-video-preview":"max-video-preview:-1"},"canonical":"https:\/\/www.conscremona.it\/en\/musica-in-amicizia-da-mosca-a-cremona-masterclass-di-violino\/","og_locale":"en_US","og_type":"article","og_title":"\"Musica in amicizia. Da Mosca a Cremona\": Masterclass di violino - Conservatorio di Cremona","og_description":"Musica in amicizia. Da Mosca a Cremona Scambio culturale: Masterclass di Violino Sabato 12 gennaio, ore 14.30 A cura della Professoressa Laura Gorna (Conservatorio &#8216;Monteverdi&#8217; di Cremona) e del Professore [&hellip;]","og_url":"https:\/\/www.conscremona.it\/en\/musica-in-amicizia-da-mosca-a-cremona-masterclass-di-violino\/","og_site_name":"Conservatorio di Cremona","article_published_time":"2019-01-07T13:53:46+00:00","article_modified_time":"2019-01-07T13:57:04+00:00","og_image":[{"width":350,"height":120,"url":"https:\/\/www.conscremona.it\/site\/wp-content\/uploads\/2019\/01\/Prova-master1-copia-e1546868678333.jpg","type":"image\/jpeg"}],"author":"segreteria","twitter_card":"summary_large_image","twitter_misc":{"Written by":"segreteria","Est. reading time":"4 minutes"},"schema":{"@context":"https:\/\/schema.org","@graph":[{"@type":"Article","@id":"https:\/\/www.conscremona.it\/en\/musica-in-amicizia-da-mosca-a-cremona-masterclass-di-violino\/#article","isPartOf":{"@id":"https:\/\/www.conscremona.it\/en\/musica-in-amicizia-da-mosca-a-cremona-masterclass-di-violino\/"},"author":{"name":"segreteria","@id":"https:\/\/www.conscremona.it\/#\/schema\/person\/77aabca861d7ef488c44426b8c3cae36"},"headline":"&#8220;Musica in amicizia. Da Mosca a Cremona&#8221;: Masterclass di violino","datePublished":"2019-01-07T13:53:46+00:00","dateModified":"2019-01-07T13:57:04+00:00","mainEntityOfPage":{"@id":"https:\/\/www.conscremona.it\/en\/musica-in-amicizia-da-mosca-a-cremona-masterclass-di-violino\/"},"wordCount":818,"publisher":{"@id":"https:\/\/www.conscremona.it\/#organization"},"image":{"@id":"https:\/\/www.conscremona.it\/en\/musica-in-amicizia-da-mosca-a-cremona-masterclass-di-violino\/#primaryimage"},"thumbnailUrl":"https:\/\/www.conscremona.it\/site\/wp-content\/uploads\/2019\/01\/Prova-master1-copia-e1546868678333.jpg","articleSection":["Alta formazione @en"],"inLanguage":"en-US"},{"@type":"WebPage","@id":"https:\/\/www.conscremona.it\/en\/musica-in-amicizia-da-mosca-a-cremona-masterclass-di-violino\/","url":"https:\/\/www.conscremona.it\/en\/musica-in-amicizia-da-mosca-a-cremona-masterclass-di-violino\/","name":"\"Musica in amicizia. Da Mosca a Cremona\": Masterclass di violino - Conservatorio di Cremona","isPartOf":{"@id":"https:\/\/www.conscremona.it\/#website"},"primaryImageOfPage":{"@id":"https:\/\/www.conscremona.it\/en\/musica-in-amicizia-da-mosca-a-cremona-masterclass-di-violino\/#primaryimage"},"image":{"@id":"https:\/\/www.conscremona.it\/en\/musica-in-amicizia-da-mosca-a-cremona-masterclass-di-violino\/#primaryimage"},"thumbnailUrl":"https:\/\/www.conscremona.it\/site\/wp-content\/uploads\/2019\/01\/Prova-master1-copia-e1546868678333.jpg","datePublished":"2019-01-07T13:53:46+00:00","dateModified":"2019-01-07T13:57:04+00:00","breadcrumb":{"@id":"https:\/\/www.conscremona.it\/en\/musica-in-amicizia-da-mosca-a-cremona-masterclass-di-violino\/#breadcrumb"},"inLanguage":"en-US","potentialAction":[{"@type":"ReadAction","target":["https:\/\/www.conscremona.it\/en\/musica-in-amicizia-da-mosca-a-cremona-masterclass-di-violino\/"]}]},{"@type":"ImageObject","inLanguage":"en-US","@id":"https:\/\/www.conscremona.it\/en\/musica-in-amicizia-da-mosca-a-cremona-masterclass-di-violino\/#primaryimage","url":"https:\/\/www.conscremona.it\/site\/wp-content\/uploads\/2019\/01\/Prova-master1-copia-e1546868678333.jpg","contentUrl":"https:\/\/www.conscremona.it\/site\/wp-content\/uploads\/2019\/01\/Prova-master1-copia-e1546868678333.jpg","width":350,"height":120},{"@type":"BreadcrumbList","@id":"https:\/\/www.conscremona.it\/en\/musica-in-amicizia-da-mosca-a-cremona-masterclass-di-violino\/#breadcrumb","itemListElement":[{"@type":"ListItem","position":1,"name":"Home","item":"https:\/\/www.conscremona.it\/en\/"},{"@type":"ListItem","position":2,"name":"&#8220;Musica in amicizia. Da Mosca a Cremona&#8221;: Masterclass di violino"}]},{"@type":"WebSite","@id":"https:\/\/www.conscremona.it\/#website","url":"https:\/\/www.conscremona.it\/","name":"Conservatorio Claudio Monteverdi di Cremona","description":"Istituto Superiore di Studi Musicali &quot;Claudio Monteverdi&quot; di Cremona","publisher":{"@id":"https:\/\/www.conscremona.it\/#organization"},"potentialAction":[{"@type":"SearchAction","target":{"@type":"EntryPoint","urlTemplate":"https:\/\/www.conscremona.it\/?s={search_term_string}"},"query-input":{"@type":"PropertyValueSpecification","valueRequired":true,"valueName":"search_term_string"}}],"inLanguage":"en-US"},{"@type":"Organization","@id":"https:\/\/www.conscremona.it\/#organization","name":"Conservatorio Claudio Monteverdi di Cremona","url":"https:\/\/www.conscremona.it\/","logo":{"@type":"ImageObject","inLanguage":"en-US","@id":"https:\/\/www.conscremona.it\/#\/schema\/logo\/image\/","url":"https:\/\/www.conscremona.it\/site\/wp-content\/uploads\/2023\/10\/Logo-ok-color-1.png","contentUrl":"https:\/\/www.conscremona.it\/site\/wp-content\/uploads\/2023\/10\/Logo-ok-color-1.png","width":1920,"height":523,"caption":"Conservatorio Claudio Monteverdi di Cremona"},"image":{"@id":"https:\/\/www.conscremona.it\/#\/schema\/logo\/image\/"}},{"@type":"Person","@id":"https:\/\/www.conscremona.it\/#\/schema\/person\/77aabca861d7ef488c44426b8c3cae36","name":"segreteria","image":{"@type":"ImageObject","inLanguage":"en-US","@id":"https:\/\/secure.gravatar.com\/avatar\/926a8641731d8b6797fb9d6f5c9818b006da805cbe062226572f40d203a36232?s=96&d=mm&r=g","url":"https:\/\/secure.gravatar.com\/avatar\/926a8641731d8b6797fb9d6f5c9818b006da805cbe062226572f40d203a36232?s=96&d=mm&r=g","contentUrl":"https:\/\/secure.gravatar.com\/avatar\/926a8641731d8b6797fb9d6f5c9818b006da805cbe062226572f40d203a36232?s=96&d=mm&r=g","caption":"segreteria"},"url":"https:\/\/www.conscremona.it\/en\/author\/segreteria\/"}]}},"_links":{"self":[{"href":"https:\/\/www.conscremona.it\/en\/wp-json\/wp\/v2\/posts\/5003","targetHints":{"allow":["GET"]}}],"collection":[{"href":"https:\/\/www.conscremona.it\/en\/wp-json\/wp\/v2\/posts"}],"about":[{"href":"https:\/\/www.conscremona.it\/en\/wp-json\/wp\/v2\/types\/post"}],"author":[{"embeddable":true,"href":"https:\/\/www.conscremona.it\/en\/wp-json\/wp\/v2\/users\/4"}],"replies":[{"embeddable":true,"href":"https:\/\/www.conscremona.it\/en\/wp-json\/wp\/v2\/comments?post=5003"}],"version-history":[{"count":1,"href":"https:\/\/www.conscremona.it\/en\/wp-json\/wp\/v2\/posts\/5003\/revisions"}],"predecessor-version":[{"id":5004,"href":"https:\/\/www.conscremona.it\/en\/wp-json\/wp\/v2\/posts\/5003\/revisions\/5004"}],"wp:featuredmedia":[{"embeddable":true,"href":"https:\/\/www.conscremona.it\/en\/wp-json\/wp\/v2\/media\/4998"}],"wp:attachment":[{"href":"https:\/\/www.conscremona.it\/en\/wp-json\/wp\/v2\/media?parent=5003"}],"wp:term":[{"taxonomy":"category","embeddable":true,"href":"https:\/\/www.conscremona.it\/en\/wp-json\/wp\/v2\/categories?post=5003"},{"taxonomy":"post_tag","embeddable":true,"href":"https:\/\/www.conscremona.it\/en\/wp-json\/wp\/v2\/tags?post=5003"}],"curies":[{"name":"wp","href":"https:\/\/api.w.org\/{rel}","templated":true}]}}