{"id":5054,"date":"2019-01-22T09:20:31","date_gmt":"2019-01-22T09:20:31","guid":{"rendered":"https:\/\/www.conscremona.it\/masterclass-erasmus-adrian-mantu-dublino-violoncello-e-musica-da-camera\/"},"modified":"2019-02-01T08:27:45","modified_gmt":"2019-02-01T08:27:45","slug":"masterclass-erasmus-adrian-mantu-dublino-violoncello-e-musica-da-camera","status":"publish","type":"post","link":"https:\/\/www.conscremona.it\/en\/masterclass-erasmus-adrian-mantu-dublino-violoncello-e-musica-da-camera\/","title":{"rendered":"Masterclass Erasmus+: Adrian Mantu (Dublino) &#8211; Violoncello e musica da camera"},"content":{"rendered":"<h3>Masterclass di Violoncello e Musica da camera con Adrian Mantu (<em>Royal Irish Academy of Music &#8211; Dublino, Irlanda)<\/em><\/h3>\n<p style=\"text-align: center;\">CALENDARIO<\/p>\n<p style=\"text-align: center;\"><strong>28 Gennaio 2019 &#8211; ore 15.00 Aula 1<\/strong><\/p>\n<p style=\"text-align: center;\">Lezione su\u00a0<strong>management e comunicazione della musica<\/strong><\/p>\n<p style=\"text-align: center;\"><strong>29-30-31 Gennaio 2019 &#8211; dalle ore 10.30 Sala Manfredini<\/strong><\/p>\n<p style=\"text-align: center;\">Masterclass di violoncello e musica da camera<\/p>\n<p style=\"text-align: left;\">Per iscrizioni: info@istitutomonteverdi.it<\/p>\n<p>L&#8217;iscrizione \u00e8\u00a0<strong>gratuita<\/strong><\/p>\n<p>&nbsp;<\/p>\n<p>&nbsp;<\/p>\n<hr \/>\n<p style=\"text-align: center;\"><strong>Il docente<\/strong><\/p>\n<p style=\"text-align: center;\">-English version below-<\/p>\n<p><img fetchpriority=\"high\" decoding=\"async\" class=\" wp-image-5059 alignleft\" src=\"http:\/\/www.conscremona.it\/site\/wp-content\/uploads\/2019\/01\/adrian-mantu-300x200.jpg\" alt=\"\" width=\"350\" height=\"233\" srcset=\"https:\/\/www.conscremona.it\/site\/wp-content\/uploads\/2019\/01\/adrian-mantu-300x200.jpg 300w, https:\/\/www.conscremona.it\/site\/wp-content\/uploads\/2019\/01\/adrian-mantu-768x512.jpg 768w, https:\/\/www.conscremona.it\/site\/wp-content\/uploads\/2019\/01\/adrian-mantu-1024x683.jpg 1024w, https:\/\/www.conscremona.it\/site\/wp-content\/uploads\/2019\/01\/adrian-mantu-160x107.jpg 160w, https:\/\/www.conscremona.it\/site\/wp-content\/uploads\/2019\/01\/adrian-mantu-600x400.jpg 600w, https:\/\/www.conscremona.it\/site\/wp-content\/uploads\/2019\/01\/adrian-mantu.jpg 2048w\" sizes=\"(max-width: 350px) 100vw, 350px\" \/><\/p>\n<p><strong>Adrian Mantu\u00a0<\/strong>\u00e8 nato a Bucharest, Romania e ha svolto i suoi studi presso la George Enescu Music School e la &#8220;George Enescu&#8221; University of Music di Bucharest, ottenendo il diploma e il Master of Arts con il massimo dei voti.<\/p>\n<p>\u00c8 violoncellista e fondatore del RT\u00c9 ConTempo Quartet, della Residenza del Galway Ensembre, curatore di Our Tunes\/Dublin Music Town, professore associato presso la Royal Irish Academy of Music di violoncello e musica da camera.<\/p>\n<p>Adrian ha vinto 16 premi internazionali nelle Competizioni di Violoncello e Musica da Camera di Londra, Monaco, Berlino, Praga, Bucharest, Graz, Amburgo, Sofia e Roma<\/p>\n<p>Si \u00e8 esibito in oltre 2000 concerti nel mondo in 46 paesi (in luoghi come Wigmore Hall, Filarmonica di Berlino, Tel-Aviv Opera, Carnegie Hall, Gedai Tokyo, NCH), presentando i Cicli di Quartetti per Archi di Mozart, Haydn, Beethoven, Brahms, Mendelssohn, Schumann, Bartok e Shostakovich, oltre ai concerti per violoncello di Bach, Handel, Boccherini, Vivaldi, Haydn, Beethoven, Tschaikovsky, Brahms, Lalo, Saint-Saens, Elgar, Schumann, Dvorak, Williams, Bernstein, Piazzola, Constantinescu e Dimitrescu.<\/p>\n<p>Ha avuto l&#8217;onore di esibirsi alla presenza di grandi personalit\u00e0 come Michael D. Higgins, il Principe Carlo, Nelson Mandela, Giovanni Paolo II, vincitori di Premi Novel e star di Hollywood. Ha composto ed arrangiato la musica per il film &#8220;Trop Tard&#8221; (selezionato per il Festival di Cannes) e ha registrato la musica per la miniserie di Steven Spielberg e Tom Hanks &#8220;Band of Brothers&#8221;.<\/p>\n<p>Quest&#8217;anno celebra il Ventesimo anniversario del ConTempo Quartet con oltre 100 concerti in Irlanda e all&#8217;estero (comprese esibizioni presso NCH, Wigmore Hall e tour nel Regno Unito, Romania, Italia e Finlandia).<\/p>\n<p>Suona violoncelli barocchi, moderni ed elettrici.<\/p>\n<p>Il suo ultimo album &#8220;New Airs&#8221; \u00e8 arrivato alla terza posizione nella classifica di iTunes classical.<br \/>\nHa registrato con Universal\u00a0Sony, Quartz, Deutsche Schallplatten e NMC.<\/p>\n<p>Da quando si \u00e8 unito all&#8217;Accademia \u00e8 stato coinvolto in numerosi progetti della RIAM (i Weekend di\u00a0Stravinsky,\u00a0 gli eventi di Wigmore\u00a0Hall 1916, The Lynch Junior string quartets programme) collaborando con le orchestre della RIAM, Quartetti Junior e Senior, studenti di composizione, studenti di violoncello e gli Alumni con numerosi workshop, concerti, masterclass e lezioni.<\/p>\n<p>Lo scorso anno ha iniziato il Dottorato in Music Performance al Trinity\/RIAM concentrandosi sulla letteratura per il quartetto d&#8217;archi in Irlanda, cento anni dopo la Rivolta di Pasqua.<\/p>\n<p>Nel giugno 2016 ad Adrian e ai suoi colleghi dell&#8217;RT\u00c8 Con Tempo Quartet \u00e8 stato conferito il Diploma di Dottorato in Musica Honoris Causa dall&#8217;Universit\u00e0 Nazionale d&#8217;Irlanda, Galway (NUIG).<\/p>\n<p>&nbsp;<\/p>\n<p style=\"text-align: center;\"><strong>The Professor<\/strong><\/p>\n<p><strong>Adrian Mantu\u00a0<\/strong>was born in Bucharest, Romania and studied at the George Enescu Music School and the &#8220;George Enescu&#8221; University of Music Bucharest, gaining his performing diploma and MA in performing and teaching with maximum points.<\/p>\n<p>He is the cellist\/founder of the\u00a0<strong>RT\u00c9 <\/strong><strong>ConTempo<\/strong><strong> Quarte<\/strong><strong>t<\/strong>, Galway Ensemble in Residence, Curator of Our Tunes\/Dublin Music Town, cello\/chamber music Fellow Teacher at RIAM. Adrian has won 16 International Prizes in Cello &amp; Chamber Music Competitions (London, Munich, Berlin, Prague, Bucharest, Graz, Hamburg, Sofia, Rome).<\/p>\n<p>He has performed over 2000 concerts around the world in 46 countries (in venus such as Wigmore Hall, Berlin Philharmonic, Tel-Aviv Opera, Carnegie Hall, Gedai Tokyo, NCH) including the Mozart, Haydn, Beethoven, Brahms, Mendelssohn, Schumann, Bartok &amp; Shostakovich String Quartet Cycles and the essential cello concertos (including PhE &amp; Ch Bach, Handel, Boccherini, Vivaldi, Haydn, Beethoven, Tschaikovsky, Brahms, Lalo, C Saint-Saens, Elgar, Schumann, Dvorak, V Williams, Bernstein, Piazzola, P Constantinescu and C Dimitrescu).<\/p>\n<p>Adrian had the honour to perform in front of great personalities (Michael D Higgins, Prince Charles, Nelson Mandela, Pope John Paul II, Nobel Prize Winners &amp; Hollywood Stars). He has composed and arranged the music for the \u201cTrop Tard\u201d film (selected for Cannes Fest) and recorded the music for Steven Spielberg &amp; Tom Hank\u2019s \u201cBand of Brothers\u201d.<\/p>\n<p>Adrian is celebrating this season the 20th Anniversary of Contempo Quartet through over 100 concerts in Ireland and abroad (including appearances in NCH, Wigmore Hall and Tours in UK, Romania, Italy &amp; Finland). He performs equally on baroque, modern &amp; electric cellos.<\/p>\n<p>His latest album \u201cNew Airs\u201d went straight to no 3 in the iTunes classical charts.<br \/>\nHis recordings can be found on the Universal, Sony, Quartz, Deutsche Schallplatten &amp; NMC labels.<\/p>\n<p>Since joining the Academy Adrian was involved in many wonderful RIAM projects (Stravinsky weekend, Wigmore\u00a0Hall 1916 events, The Lynch Junior string quartets programme) collaborating with RIAM\u2019s Orchestras, Junior\/Senior String Quartets, Composition Students, Cello students and RIAM\u2019s Alumni in different workshops, concerts, master-classes &amp; lectures.<\/p>\n<p>Last year he started a DMusPerf at Trinity\/RIAM focussing on the string quartet literature in Ireland, hundred years after the Rising.<\/p>\n<p>On 10th June 2016 Adrian and his colleagues from the RT\u00c9 ConTempo Quartet were awarded a Degree of Doctor of Music (honoris causa) by the the National University of Ireland, Galway (NUIG).<\/p>\n<h4>Download<\/h4>\n<h4><a href=\"http:\/\/www.riam.ie\/wp-content\/uploads\/2016\/01\/Adrian-Mantu.pdf\">Curriculum completo<\/a><\/h4>\n<p>&nbsp;<\/p>\n","protected":false},"excerpt":{"rendered":"<p>Masterclass di Violoncello e Musica da camera con Adrian Mantu (Royal Irish Academy of Music &#8211; Dublino, Irlanda) CALENDARIO 28 Gennaio 2019 &#8211; ore 15.00 Aula 1 Lezione su\u00a0management e [&hellip;]<\/p>\n","protected":false},"author":4,"featured_media":5051,"comment_status":"closed","ping_status":"closed","sticky":false,"template":"","format":"standard","meta":{"_acf_changed":false,"footnotes":""},"categories":[184,190],"tags":[],"class_list":["post-5054","post","type-post","status-publish","format-standard","has-post-thumbnail","hentry","category-erasmus-en","category-masterclass-e-seminari-en"],"acf":[],"yoast_head":"<!-- This site is optimized with the Yoast SEO plugin v27.2 - https:\/\/yoast.com\/product\/yoast-seo-wordpress\/ -->\n<title>Masterclass Erasmus+: Adrian Mantu (Dublino) - Violoncello e musica da camera - Conservatorio di Cremona<\/title>\n<meta name=\"robots\" content=\"index, follow, max-snippet:-1, max-image-preview:large, max-video-preview:-1\" \/>\n<link rel=\"canonical\" href=\"https:\/\/www.conscremona.it\/en\/masterclass-erasmus-adrian-mantu-dublino-violoncello-e-musica-da-camera\/\" \/>\n<meta property=\"og:locale\" content=\"en_US\" \/>\n<meta property=\"og:type\" content=\"article\" \/>\n<meta property=\"og:title\" content=\"Masterclass Erasmus+: Adrian Mantu (Dublino) - Violoncello e musica da camera - Conservatorio di Cremona\" \/>\n<meta property=\"og:description\" content=\"Masterclass di Violoncello e Musica da camera con Adrian Mantu (Royal Irish Academy of Music &#8211; Dublino, Irlanda) CALENDARIO 28 Gennaio 2019 &#8211; ore 15.00 Aula 1 Lezione su\u00a0management e [&hellip;]\" \/>\n<meta property=\"og:url\" content=\"https:\/\/www.conscremona.it\/en\/masterclass-erasmus-adrian-mantu-dublino-violoncello-e-musica-da-camera\/\" \/>\n<meta property=\"og:site_name\" content=\"Conservatorio di Cremona\" \/>\n<meta property=\"article:published_time\" content=\"2019-01-22T09:20:31+00:00\" \/>\n<meta property=\"article:modified_time\" content=\"2019-02-01T08:27:45+00:00\" \/>\n<meta property=\"og:image\" content=\"https:\/\/www.conscremona.it\/site\/wp-content\/uploads\/2019\/01\/Schermata-2019-01-22-alle-10.10.36.png\" \/>\n\t<meta property=\"og:image:width\" content=\"1342\" \/>\n\t<meta property=\"og:image:height\" content=\"788\" \/>\n\t<meta property=\"og:image:type\" content=\"image\/png\" \/>\n<meta name=\"author\" content=\"segreteria\" \/>\n<meta name=\"twitter:card\" content=\"summary_large_image\" \/>\n<meta name=\"twitter:label1\" content=\"Written by\" \/>\n\t<meta name=\"twitter:data1\" content=\"segreteria\" \/>\n\t<meta name=\"twitter:label2\" content=\"Est. reading time\" \/>\n\t<meta name=\"twitter:data2\" content=\"4 minutes\" \/>\n<script type=\"application\/ld+json\" class=\"yoast-schema-graph\">{\"@context\":\"https:\/\/schema.org\",\"@graph\":[{\"@type\":\"Article\",\"@id\":\"https:\/\/www.conscremona.it\/en\/masterclass-erasmus-adrian-mantu-dublino-violoncello-e-musica-da-camera\/#article\",\"isPartOf\":{\"@id\":\"https:\/\/www.conscremona.it\/en\/masterclass-erasmus-adrian-mantu-dublino-violoncello-e-musica-da-camera\/\"},\"author\":{\"name\":\"segreteria\",\"@id\":\"https:\/\/www.conscremona.it\/#\/schema\/person\/77aabca861d7ef488c44426b8c3cae36\"},\"headline\":\"Masterclass Erasmus+: Adrian Mantu (Dublino) &#8211; Violoncello e musica da camera\",\"datePublished\":\"2019-01-22T09:20:31+00:00\",\"dateModified\":\"2019-02-01T08:27:45+00:00\",\"mainEntityOfPage\":{\"@id\":\"https:\/\/www.conscremona.it\/en\/masterclass-erasmus-adrian-mantu-dublino-violoncello-e-musica-da-camera\/\"},\"wordCount\":868,\"publisher\":{\"@id\":\"https:\/\/www.conscremona.it\/#organization\"},\"image\":{\"@id\":\"https:\/\/www.conscremona.it\/en\/masterclass-erasmus-adrian-mantu-dublino-violoncello-e-musica-da-camera\/#primaryimage\"},\"thumbnailUrl\":\"https:\/\/www.conscremona.it\/site\/wp-content\/uploads\/2019\/01\/Schermata-2019-01-22-alle-10.10.36.png\",\"articleSection\":[\"Erasmus+\",\"Masterclass e Seminari\"],\"inLanguage\":\"en-US\"},{\"@type\":\"WebPage\",\"@id\":\"https:\/\/www.conscremona.it\/en\/masterclass-erasmus-adrian-mantu-dublino-violoncello-e-musica-da-camera\/\",\"url\":\"https:\/\/www.conscremona.it\/en\/masterclass-erasmus-adrian-mantu-dublino-violoncello-e-musica-da-camera\/\",\"name\":\"Masterclass Erasmus+: Adrian Mantu (Dublino) - Violoncello e musica da camera - Conservatorio di Cremona\",\"isPartOf\":{\"@id\":\"https:\/\/www.conscremona.it\/#website\"},\"primaryImageOfPage\":{\"@id\":\"https:\/\/www.conscremona.it\/en\/masterclass-erasmus-adrian-mantu-dublino-violoncello-e-musica-da-camera\/#primaryimage\"},\"image\":{\"@id\":\"https:\/\/www.conscremona.it\/en\/masterclass-erasmus-adrian-mantu-dublino-violoncello-e-musica-da-camera\/#primaryimage\"},\"thumbnailUrl\":\"https:\/\/www.conscremona.it\/site\/wp-content\/uploads\/2019\/01\/Schermata-2019-01-22-alle-10.10.36.png\",\"datePublished\":\"2019-01-22T09:20:31+00:00\",\"dateModified\":\"2019-02-01T08:27:45+00:00\",\"breadcrumb\":{\"@id\":\"https:\/\/www.conscremona.it\/en\/masterclass-erasmus-adrian-mantu-dublino-violoncello-e-musica-da-camera\/#breadcrumb\"},\"inLanguage\":\"en-US\",\"potentialAction\":[{\"@type\":\"ReadAction\",\"target\":[\"https:\/\/www.conscremona.it\/en\/masterclass-erasmus-adrian-mantu-dublino-violoncello-e-musica-da-camera\/\"]}]},{\"@type\":\"ImageObject\",\"inLanguage\":\"en-US\",\"@id\":\"https:\/\/www.conscremona.it\/en\/masterclass-erasmus-adrian-mantu-dublino-violoncello-e-musica-da-camera\/#primaryimage\",\"url\":\"https:\/\/www.conscremona.it\/site\/wp-content\/uploads\/2019\/01\/Schermata-2019-01-22-alle-10.10.36.png\",\"contentUrl\":\"https:\/\/www.conscremona.it\/site\/wp-content\/uploads\/2019\/01\/Schermata-2019-01-22-alle-10.10.36.png\",\"width\":1342,\"height\":788},{\"@type\":\"BreadcrumbList\",\"@id\":\"https:\/\/www.conscremona.it\/en\/masterclass-erasmus-adrian-mantu-dublino-violoncello-e-musica-da-camera\/#breadcrumb\",\"itemListElement\":[{\"@type\":\"ListItem\",\"position\":1,\"name\":\"Home\",\"item\":\"https:\/\/www.conscremona.it\/en\/\"},{\"@type\":\"ListItem\",\"position\":2,\"name\":\"Masterclass Erasmus+: Adrian Mantu (Dublino) &#8211; Violoncello e musica da camera\"}]},{\"@type\":\"WebSite\",\"@id\":\"https:\/\/www.conscremona.it\/#website\",\"url\":\"https:\/\/www.conscremona.it\/\",\"name\":\"Conservatorio Claudio Monteverdi di Cremona\",\"description\":\"Istituto Superiore di Studi Musicali &quot;Claudio Monteverdi&quot; di Cremona\",\"publisher\":{\"@id\":\"https:\/\/www.conscremona.it\/#organization\"},\"potentialAction\":[{\"@type\":\"SearchAction\",\"target\":{\"@type\":\"EntryPoint\",\"urlTemplate\":\"https:\/\/www.conscremona.it\/?s={search_term_string}\"},\"query-input\":{\"@type\":\"PropertyValueSpecification\",\"valueRequired\":true,\"valueName\":\"search_term_string\"}}],\"inLanguage\":\"en-US\"},{\"@type\":\"Organization\",\"@id\":\"https:\/\/www.conscremona.it\/#organization\",\"name\":\"Conservatorio Claudio Monteverdi di Cremona\",\"url\":\"https:\/\/www.conscremona.it\/\",\"logo\":{\"@type\":\"ImageObject\",\"inLanguage\":\"en-US\",\"@id\":\"https:\/\/www.conscremona.it\/#\/schema\/logo\/image\/\",\"url\":\"https:\/\/www.conscremona.it\/site\/wp-content\/uploads\/2023\/10\/Logo-ok-color-1.png\",\"contentUrl\":\"https:\/\/www.conscremona.it\/site\/wp-content\/uploads\/2023\/10\/Logo-ok-color-1.png\",\"width\":1920,\"height\":523,\"caption\":\"Conservatorio Claudio Monteverdi di Cremona\"},\"image\":{\"@id\":\"https:\/\/www.conscremona.it\/#\/schema\/logo\/image\/\"}},{\"@type\":\"Person\",\"@id\":\"https:\/\/www.conscremona.it\/#\/schema\/person\/77aabca861d7ef488c44426b8c3cae36\",\"name\":\"segreteria\",\"image\":{\"@type\":\"ImageObject\",\"inLanguage\":\"en-US\",\"@id\":\"https:\/\/secure.gravatar.com\/avatar\/926a8641731d8b6797fb9d6f5c9818b006da805cbe062226572f40d203a36232?s=96&d=mm&r=g\",\"url\":\"https:\/\/secure.gravatar.com\/avatar\/926a8641731d8b6797fb9d6f5c9818b006da805cbe062226572f40d203a36232?s=96&d=mm&r=g\",\"contentUrl\":\"https:\/\/secure.gravatar.com\/avatar\/926a8641731d8b6797fb9d6f5c9818b006da805cbe062226572f40d203a36232?s=96&d=mm&r=g\",\"caption\":\"segreteria\"},\"url\":\"https:\/\/www.conscremona.it\/en\/author\/segreteria\/\"}]}<\/script>\n<!-- \/ Yoast SEO plugin. -->","yoast_head_json":{"title":"Masterclass Erasmus+: Adrian Mantu (Dublino) - Violoncello e musica da camera - Conservatorio di Cremona","robots":{"index":"index","follow":"follow","max-snippet":"max-snippet:-1","max-image-preview":"max-image-preview:large","max-video-preview":"max-video-preview:-1"},"canonical":"https:\/\/www.conscremona.it\/en\/masterclass-erasmus-adrian-mantu-dublino-violoncello-e-musica-da-camera\/","og_locale":"en_US","og_type":"article","og_title":"Masterclass Erasmus+: Adrian Mantu (Dublino) - Violoncello e musica da camera - Conservatorio di Cremona","og_description":"Masterclass di Violoncello e Musica da camera con Adrian Mantu (Royal Irish Academy of Music &#8211; Dublino, Irlanda) CALENDARIO 28 Gennaio 2019 &#8211; ore 15.00 Aula 1 Lezione su\u00a0management e [&hellip;]","og_url":"https:\/\/www.conscremona.it\/en\/masterclass-erasmus-adrian-mantu-dublino-violoncello-e-musica-da-camera\/","og_site_name":"Conservatorio di Cremona","article_published_time":"2019-01-22T09:20:31+00:00","article_modified_time":"2019-02-01T08:27:45+00:00","og_image":[{"width":1342,"height":788,"url":"https:\/\/www.conscremona.it\/site\/wp-content\/uploads\/2019\/01\/Schermata-2019-01-22-alle-10.10.36.png","type":"image\/png"}],"author":"segreteria","twitter_card":"summary_large_image","twitter_misc":{"Written by":"segreteria","Est. reading time":"4 minutes"},"schema":{"@context":"https:\/\/schema.org","@graph":[{"@type":"Article","@id":"https:\/\/www.conscremona.it\/en\/masterclass-erasmus-adrian-mantu-dublino-violoncello-e-musica-da-camera\/#article","isPartOf":{"@id":"https:\/\/www.conscremona.it\/en\/masterclass-erasmus-adrian-mantu-dublino-violoncello-e-musica-da-camera\/"},"author":{"name":"segreteria","@id":"https:\/\/www.conscremona.it\/#\/schema\/person\/77aabca861d7ef488c44426b8c3cae36"},"headline":"Masterclass Erasmus+: Adrian Mantu (Dublino) &#8211; Violoncello e musica da camera","datePublished":"2019-01-22T09:20:31+00:00","dateModified":"2019-02-01T08:27:45+00:00","mainEntityOfPage":{"@id":"https:\/\/www.conscremona.it\/en\/masterclass-erasmus-adrian-mantu-dublino-violoncello-e-musica-da-camera\/"},"wordCount":868,"publisher":{"@id":"https:\/\/www.conscremona.it\/#organization"},"image":{"@id":"https:\/\/www.conscremona.it\/en\/masterclass-erasmus-adrian-mantu-dublino-violoncello-e-musica-da-camera\/#primaryimage"},"thumbnailUrl":"https:\/\/www.conscremona.it\/site\/wp-content\/uploads\/2019\/01\/Schermata-2019-01-22-alle-10.10.36.png","articleSection":["Erasmus+","Masterclass e Seminari"],"inLanguage":"en-US"},{"@type":"WebPage","@id":"https:\/\/www.conscremona.it\/en\/masterclass-erasmus-adrian-mantu-dublino-violoncello-e-musica-da-camera\/","url":"https:\/\/www.conscremona.it\/en\/masterclass-erasmus-adrian-mantu-dublino-violoncello-e-musica-da-camera\/","name":"Masterclass Erasmus+: Adrian Mantu (Dublino) - Violoncello e musica da camera - Conservatorio di Cremona","isPartOf":{"@id":"https:\/\/www.conscremona.it\/#website"},"primaryImageOfPage":{"@id":"https:\/\/www.conscremona.it\/en\/masterclass-erasmus-adrian-mantu-dublino-violoncello-e-musica-da-camera\/#primaryimage"},"image":{"@id":"https:\/\/www.conscremona.it\/en\/masterclass-erasmus-adrian-mantu-dublino-violoncello-e-musica-da-camera\/#primaryimage"},"thumbnailUrl":"https:\/\/www.conscremona.it\/site\/wp-content\/uploads\/2019\/01\/Schermata-2019-01-22-alle-10.10.36.png","datePublished":"2019-01-22T09:20:31+00:00","dateModified":"2019-02-01T08:27:45+00:00","breadcrumb":{"@id":"https:\/\/www.conscremona.it\/en\/masterclass-erasmus-adrian-mantu-dublino-violoncello-e-musica-da-camera\/#breadcrumb"},"inLanguage":"en-US","potentialAction":[{"@type":"ReadAction","target":["https:\/\/www.conscremona.it\/en\/masterclass-erasmus-adrian-mantu-dublino-violoncello-e-musica-da-camera\/"]}]},{"@type":"ImageObject","inLanguage":"en-US","@id":"https:\/\/www.conscremona.it\/en\/masterclass-erasmus-adrian-mantu-dublino-violoncello-e-musica-da-camera\/#primaryimage","url":"https:\/\/www.conscremona.it\/site\/wp-content\/uploads\/2019\/01\/Schermata-2019-01-22-alle-10.10.36.png","contentUrl":"https:\/\/www.conscremona.it\/site\/wp-content\/uploads\/2019\/01\/Schermata-2019-01-22-alle-10.10.36.png","width":1342,"height":788},{"@type":"BreadcrumbList","@id":"https:\/\/www.conscremona.it\/en\/masterclass-erasmus-adrian-mantu-dublino-violoncello-e-musica-da-camera\/#breadcrumb","itemListElement":[{"@type":"ListItem","position":1,"name":"Home","item":"https:\/\/www.conscremona.it\/en\/"},{"@type":"ListItem","position":2,"name":"Masterclass Erasmus+: Adrian Mantu (Dublino) &#8211; Violoncello e musica da camera"}]},{"@type":"WebSite","@id":"https:\/\/www.conscremona.it\/#website","url":"https:\/\/www.conscremona.it\/","name":"Conservatorio Claudio Monteverdi di Cremona","description":"Istituto Superiore di Studi Musicali &quot;Claudio Monteverdi&quot; di Cremona","publisher":{"@id":"https:\/\/www.conscremona.it\/#organization"},"potentialAction":[{"@type":"SearchAction","target":{"@type":"EntryPoint","urlTemplate":"https:\/\/www.conscremona.it\/?s={search_term_string}"},"query-input":{"@type":"PropertyValueSpecification","valueRequired":true,"valueName":"search_term_string"}}],"inLanguage":"en-US"},{"@type":"Organization","@id":"https:\/\/www.conscremona.it\/#organization","name":"Conservatorio Claudio Monteverdi di Cremona","url":"https:\/\/www.conscremona.it\/","logo":{"@type":"ImageObject","inLanguage":"en-US","@id":"https:\/\/www.conscremona.it\/#\/schema\/logo\/image\/","url":"https:\/\/www.conscremona.it\/site\/wp-content\/uploads\/2023\/10\/Logo-ok-color-1.png","contentUrl":"https:\/\/www.conscremona.it\/site\/wp-content\/uploads\/2023\/10\/Logo-ok-color-1.png","width":1920,"height":523,"caption":"Conservatorio Claudio Monteverdi di Cremona"},"image":{"@id":"https:\/\/www.conscremona.it\/#\/schema\/logo\/image\/"}},{"@type":"Person","@id":"https:\/\/www.conscremona.it\/#\/schema\/person\/77aabca861d7ef488c44426b8c3cae36","name":"segreteria","image":{"@type":"ImageObject","inLanguage":"en-US","@id":"https:\/\/secure.gravatar.com\/avatar\/926a8641731d8b6797fb9d6f5c9818b006da805cbe062226572f40d203a36232?s=96&d=mm&r=g","url":"https:\/\/secure.gravatar.com\/avatar\/926a8641731d8b6797fb9d6f5c9818b006da805cbe062226572f40d203a36232?s=96&d=mm&r=g","contentUrl":"https:\/\/secure.gravatar.com\/avatar\/926a8641731d8b6797fb9d6f5c9818b006da805cbe062226572f40d203a36232?s=96&d=mm&r=g","caption":"segreteria"},"url":"https:\/\/www.conscremona.it\/en\/author\/segreteria\/"}]}},"_links":{"self":[{"href":"https:\/\/www.conscremona.it\/en\/wp-json\/wp\/v2\/posts\/5054","targetHints":{"allow":["GET"]}}],"collection":[{"href":"https:\/\/www.conscremona.it\/en\/wp-json\/wp\/v2\/posts"}],"about":[{"href":"https:\/\/www.conscremona.it\/en\/wp-json\/wp\/v2\/types\/post"}],"author":[{"embeddable":true,"href":"https:\/\/www.conscremona.it\/en\/wp-json\/wp\/v2\/users\/4"}],"replies":[{"embeddable":true,"href":"https:\/\/www.conscremona.it\/en\/wp-json\/wp\/v2\/comments?post=5054"}],"version-history":[{"count":6,"href":"https:\/\/www.conscremona.it\/en\/wp-json\/wp\/v2\/posts\/5054\/revisions"}],"predecessor-version":[{"id":5153,"href":"https:\/\/www.conscremona.it\/en\/wp-json\/wp\/v2\/posts\/5054\/revisions\/5153"}],"wp:featuredmedia":[{"embeddable":true,"href":"https:\/\/www.conscremona.it\/en\/wp-json\/wp\/v2\/media\/5051"}],"wp:attachment":[{"href":"https:\/\/www.conscremona.it\/en\/wp-json\/wp\/v2\/media?parent=5054"}],"wp:term":[{"taxonomy":"category","embeddable":true,"href":"https:\/\/www.conscremona.it\/en\/wp-json\/wp\/v2\/categories?post=5054"},{"taxonomy":"post_tag","embeddable":true,"href":"https:\/\/www.conscremona.it\/en\/wp-json\/wp\/v2\/tags?post=5054"}],"curies":[{"name":"wp","href":"https:\/\/api.w.org\/{rel}","templated":true}]}}